{"id":1041,"date":"2023-04-19T17:46:03","date_gmt":"2023-04-19T17:46:03","guid":{"rendered":"https:\/\/www.europolislasrozas.es\/actualidad\/?p=1041"},"modified":"2023-05-04T08:35:32","modified_gmt":"2023-05-04T08:35:32","slug":"ultimas-tendencias-en-terrazas","status":"publish","type":"post","link":"https:\/\/www.europolislasrozas.es\/actualidad\/ultimas-tendencias-en-terrazas\/","title":{"rendered":"\u00daLTIMAS TENDENCIAS EN TERRAZAS"},"content":{"rendered":"<p>[et_pb_section fb_built=\u00bb1&#8243; _builder_version=\u00bb4.20.4&#8243; _module_preset=\u00bbdefault\u00bb custom_margin=\u00bb-19px|-1px||||\u00bb custom_padding=\u00bb|0px||||\u00bb top_divider_color=\u00bbrgba(186,163,134,0.45)\u00bb top_divider_height=\u00bb90px\u00bb bottom_divider_color=\u00bbrgba(186,163,134,0.45)\u00bb hover_enabled=\u00bb0&#8243; global_colors_info=\u00bb{}\u00bb width=\u00bb101%\u00bb sticky_enabled=\u00bb0&#8243;][et_pb_row _builder_version=\u00bb4.20.4&#8243; _module_preset=\u00bbdefault\u00bb global_colors_info=\u00bb{}\u00bb][et_pb_column type=\u00bb4_4&#8243; _builder_version=\u00bb4.20.4&#8243; _module_preset=\u00bbdefault\u00bb global_colors_info=\u00bb{}\u00bb][et_pb_text _builder_version=\u00bb4.20.4&#8243; _module_preset=\u00bbdefault\u00bb custom_margin=\u00bb|-6px||||\u00bb global_colors_info=\u00bb{}\u00bb]<\/p>\n<p style=\"text-align: justify;\"><span style=\"font-size: large;\">\u00bfConoces las \u00faltimas <strong>tendencias en terrazas<\/strong>? Se tiende a<span>\u00a0\u00a0<\/span>la creaci\u00f3n de espacios exteriores m\u00e1s naturales y sostenibles, utilizando materiales org\u00e1nicos y plantas nativas y adaptadas al clima local. Tambi\u00e9n se espera que los <a href=\"https:\/\/www.europolislasrozas.es\/actualidad\/ultimas-tendencias-en-jardines\/\" target=\"_blank\" rel=\"noopener\">espacios exteriores<\/a> se conviertan en extensiones de los interiores, con \u00e1reas de estar y cocina al aire libre, y una mayor atenci\u00f3n a la iluminaci\u00f3n y la comodidad.<\/span><\/p>\n<p style=\"text-align: justify;\"><span style=\"font-size: large;\">Adem\u00e1s, la tecnolog\u00eda inteligente tambi\u00e9n podr\u00eda integrarse en los espacios exteriores para mejorar la experiencia y la eficiencia energ\u00e9tica.<\/span><\/p>\n<ul>\n<li><span style=\"font-size: large;\"><span>Para este 2023, los muebles resistentes y plegables son una excelente opci\u00f3n para espacios peque\u00f1os<\/span><\/span><\/li>\n<li><span style=\"font-size: large;\">Adem\u00e1s, aprovecha al m\u00e1ximo estas \u00e1reas exteriores de tu hogar es una tendencia actual<\/span><span style=\"font-size: large;\"><\/span><span style=\"font-size: large;\"><\/span><\/li>\n<li><span style=\"font-size: large;\">En cuanto al dise\u00f1o, las terrazas con estilo y comodidad son una tendencia en 2023<\/span><span style=\"font-size: large;\"><\/span><\/li>\n<li><span style=\"font-size: large;\">No importa el tama\u00f1o de tu terraza, con estas siete ideas de decoraci\u00f3n podr\u00e1s conseguir un espacio acogedor y espectacular<\/span><\/li>\n<li><span style=\"font-size: large;\"><span>Si buscas una remodelaci\u00f3n moderna, una terraza moderna es el toque ideal para disfrutar de un espacio exterior<\/span><\/span><span><br \/><\/span><\/li>\n<\/ul>\n<p style=\"text-align: justify;\"><span style=\"font-size: large;\"><span>\u00a1Renueva tu terraza con estas tendencias y disfruta de un espacio exterior acogedor y moderno!<\/span><\/span><\/p>\n<p>[\/et_pb_text][\/et_pb_column][\/et_pb_row][et_pb_row column_structure=\u00bb1_2,1_2&#8243; _builder_version=\u00bb4.20.4&#8243; _module_preset=\u00bbdefault\u00bb global_colors_info=\u00bb{}\u00bb][et_pb_column type=\u00bb1_2&#8243; _builder_version=\u00bb4.20.4&#8243; _module_preset=\u00bbdefault\u00bb global_colors_info=\u00bb{}\u00bb][et_pb_image src=\u00bbhttps:\/\/www.europolislasrozas.es\/actualidad\/wp-content\/uploads\/2023\/04\/pexels-evgenia-basyrova-5028910-scaled.jpg\u00bb alt=\u00bb\u00daLTIMAS TENDENCIAS EN TERRAZAS\u00bb title_text=\u00bb\u00daLTIMAS TENDENCIAS EN TERRAZAS\u00bb _builder_version=\u00bb4.20.4&#8243; _module_preset=\u00bbdefault\u00bb hover_enabled=\u00bb0&#8243; global_colors_info=\u00bb{}\u00bb width=\u00bb79%\u00bb max_width=\u00bb100%\u00bb sticky_enabled=\u00bb0&#8243; align=\u00bbcenter\u00bb][\/et_pb_image][\/et_pb_column][et_pb_column type=\u00bb1_2&#8243; _builder_version=\u00bb4.20.4&#8243; _module_preset=\u00bbdefault\u00bb global_colors_info=\u00bb{}\u00bb][et_pb_text _builder_version=\u00bb4.20.4&#8243; _module_preset=\u00bbdefault\u00bb custom_margin=\u00bb|34px||0px|false|false\u00bb custom_padding=\u00bb|57px||0px|false|false\u00bb hover_enabled=\u00bb0&#8243; global_colors_info=\u00bb{}\u00bb sticky_enabled=\u00bb0&#8243;]<\/p>\n<h2 style=\"text-align: justify;\"><strong>Terrazas peque\u00f1as<\/strong><\/h2>\n<p style=\"text-align: justify;\"><span style=\"font-size: large;\"><span>Existen varios elementos decorativos que se pueden utilizar en una\u00a0<\/span><span>terraza peque\u00f1a<\/span><span> para darle un toque acogedor y personal. Las plantas son una excelente opci\u00f3n para dar un toque de alegr\u00eda y naturalidad a la terraza.\u00a0<\/span><\/span><\/p>\n<p style=\"text-align: justify;\"><span style=\"font-size: large;\"><span>Muchas de estas \u00faltimas tendencias en terrazas, han venido para quedarse, sostenibilidad y elementos naturales marcar\u00e1n las claves de un futuro que debe buscar la armon\u00eda con la sostenibilidad y el medioambiente.<\/span><\/span><\/p>\n<div style=\"text-align: justify;\">\n<div><span style=\"font-size: large;\"><\/span><a rel=\"noopener noreferrer\" href=\"https:\/\/www.micasarevista.com\/terraza-jardines-porche\/g10402\/ideas-terraza\/\" target=\"_blank\" data-saferedirecturl=\"https:\/\/www.google.com\/url?q=https:\/\/www.micasarevista.com\/terraza-jardines-porche\/g10402\/ideas-terraza\/&amp;source=gmail&amp;ust=1681835514141000&amp;usg=AOvVaw1TSYIzqWts1oOtBIYQ7VIo\" style=\"font-size: large;\"><\/a><span style=\"font-size: large;\">Adem\u00e1s, los detalles peque\u00f1os como cojines decorativos, mantitas, faroles decorativos, peque\u00f1as lamparitas auxiliares, l\u00e1mparas, guirnaldas de luz, entre otros, pueden hacer una gran diferencia en la decoraci\u00f3n.<\/span><\/div>\n<\/div>\n<div style=\"text-align: justify;\">\n<div><span style=\"font-size: large;\"><\/span><\/div>\n<div><span style=\"font-size: large;\">Un bonito detalle puede ser una peque\u00f1a estanter\u00eda con una colecci\u00f3n de cactus o plantitas para dar frescor y dulzura.<\/span><\/div>\n<\/div>\n<div style=\"text-align: justify;\">\n<div><span style=\"font-size: large;\">\u00a0<\/span><\/div>\n<div><span style=\"font-size: large;\"><\/span><a rel=\"noopener noreferrer\" href=\"https:\/\/www.rtve.es\/television\/20210721\/tips-tener-terraza-ensueno\/2027949.shtml\" target=\"_blank\" data-saferedirecturl=\"https:\/\/www.google.com\/url?q=https:\/\/www.rtve.es\/television\/20210721\/tips-tener-terraza-ensueno\/2027949.shtml&amp;source=gmail&amp;ust=1681835514141000&amp;usg=AOvVaw3bcd5EDB-w0PKuzA7OcLde\" style=\"font-size: large;\"><\/a><span style=\"font-size: large;\">Tambi\u00e9n se pueden utilizar alfombras de exterior, espejos, velas, entre otros elementos decorativos.<\/span><\/div>\n<\/div>\n<div style=\"text-align: justify;\">\n<div><span style=\"font-size: large;\"><\/span><\/div>\n<div><span style=\"font-size: large;\"><\/span><a rel=\"noopener noreferrer\" href=\"https:\/\/www.micasarevista.com\/terraza-jardines-porche\/g10402\/ideas-terraza\/\" target=\"_blank\" data-saferedirecturl=\"https:\/\/www.google.com\/url?q=https:\/\/www.micasarevista.com\/terraza-jardines-porche\/g10402\/ideas-terraza\/&amp;source=gmail&amp;ust=1681835514141000&amp;usg=AOvVaw1TSYIzqWts1oOtBIYQ7VIo\" style=\"font-size: large;\"><\/a><span style=\"font-size: large;\">En cuanto a los colores, es recomendable utilizar tonos beiges, blancos o pasteles en los tejidos para dar sensaci\u00f3n de espacio y luminosidad.<\/span><\/div>\n<\/div>\n<div style=\"text-align: justify;\">\n<div><span style=\"font-size: large;\">\u00a0<\/span><\/div>\n<div><span style=\"font-size: large;\">En resumen, las plantas, son tendencia en terrazas, los detalles peque\u00f1os, las alfombras de exterior, los espejos y las velas son algunos de los elementos decorativos que se pueden utilizar en una terraza peque\u00f1a para darle un toque acogedor y personal. \u00a1Aprovecha al m\u00e1ximo tu espacio exterior con estos consejos!\u00a0<\/span><\/div>\n<\/div>\n<p>&nbsp;<\/p>\n<p>[\/et_pb_text][\/et_pb_column][\/et_pb_row][et_pb_row column_structure=\u00bb1_2,1_2&#8243; _builder_version=\u00bb4.20.4&#8243; _module_preset=\u00bbdefault\u00bb global_colors_info=\u00bb{}\u00bb][et_pb_column type=\u00bb1_2&#8243; _builder_version=\u00bb4.20.4&#8243; _module_preset=\u00bbdefault\u00bb global_colors_info=\u00bb{}\u00bb][et_pb_text _builder_version=\u00bb4.20.4&#8243; _module_preset=\u00bbdefault\u00bb custom_padding=\u00bb|||0px||\u00bb hover_enabled=\u00bb0&#8243; global_colors_info=\u00bb{}\u00bb sticky_enabled=\u00bb0&#8243;]<\/p>\n<h2 style=\"text-align: justify;\"><strong>\u00bfQu\u00e9 muebles son los ideales para una terraza peque\u00f1a?<\/strong><\/h2>\n<p style=\"text-align: justify;\"><span><span style=\"font-size: large;\"><\/span><\/span><\/p>\n<p style=\"text-align: justify;\"><span><span style=\"font-size: large;\">Para\u00a0una terraza peque\u00f1a, los muebles plegables son una excelente opci\u00f3n, ya que pueden ser recogidos y guardados f\u00e1cilmente, lo que permite aprovechar al m\u00e1ximo el espacio<\/span><\/span><\/p>\n<div style=\"text-align: justify;\">\n<div><span style=\"font-size: large;\">\u00a0<\/span><span style=\"font-size: large;\">Adem\u00e1s, los conjuntos de mesa y sillas que ocuparon poco espacio son ideales para disfrutar del espacio exterior<\/span><\/div>\n<\/div>\n<div style=\"text-align: justify;\">\n<div><span style=\"font-size: large;\">\u00a0<\/span><\/div>\n<div><span style=\"font-size: large;\">Un banco con cajones tambi\u00e9n puede ser una buena opci\u00f3n para ganar espacio de almacenamiento<\/span><\/div>\n<\/div>\n<div style=\"text-align: justify;\">\n<div><span style=\"font-size: large;\">\u00a0<\/span><\/div>\n<div><span style=\"font-size: large;\">En cuanto al dise\u00f1o, un sof\u00e1 acogedor puede transformar la terraza en una zona relajante<\/span><\/div>\n<\/div>\n<div style=\"text-align: justify;\">\n<div><span style=\"font-size: large;\">\u00a0<\/span><\/div>\n<div><span style=\"font-size: large;\">Tambi\u00e9n es importante incluir plantas, ya que son una excelente manera de dar un toque de alegr\u00eda y naturalidad a la terraza<\/span><\/div>\n<\/div>\n<div style=\"text-align: justify;\">\n<div><span style=\"font-size: large;\">\u00a0<\/span><\/div>\n<div><span style=\"font-size: large;\">En resumen, los muebles plegables, los conjuntos de mesa y sillas que ocupan poco espacio, los bancos con cajones y los sof\u00e1s acogedores son ideales para una terraza peque\u00f1a.\u00a0\u00a1Aprovecha al m\u00e1ximo tu espacio exterior con estos consejos!<\/span><\/div>\n<\/div>\n<p style=\"text-align: justify;\"><span><span style=\"font-size: large;\">Todo lo que necesitas para decorar tu vivienda lo tienes en Eur\u00f3polis, la comodidad de encontrar todo lo que buscas en un solo lugar sin perder el tiempo desplaz\u00e1ndote a diferentes sitios, el poder ofrecer asesoramiento profesional, proyectos integrales de mobiliario, decoraci\u00f3n o reforma, todo personalizado y a medida, adem\u00e1s, Eur\u00f3polis es un ejemplo de econom\u00eda circular. Puedes encontrar maravillosas propuestas en mobiliario de decoraci\u00f3n para tu terraza en\u00a0<strong><a href=\"https:\/\/www.europolislasrozas.es\/tienda\/dakarai\" target=\"_blank\" rel=\"noopener\">Dakarai,<\/a><\/strong>\u00a0o en\u00a0<strong><a href=\"https:\/\/www.europolislasrozas.es\/tienda\/el-globo\" target=\"_blank\" rel=\"noopener\">El Globo Muebles.<\/a><\/strong>\u00a0\u00a1D\u00e9jate sorprender y sorprende con tu decoraci\u00f3n!<\/span><\/span><\/p>\n<p>[\/et_pb_text][\/et_pb_column][et_pb_column type=\u00bb1_2&#8243; _builder_version=\u00bb4.20.4&#8243; _module_preset=\u00bbdefault\u00bb global_colors_info=\u00bb{}\u00bb][et_pb_image src=\u00bbhttps:\/\/www.europolislasrozas.es\/actualidad\/wp-content\/uploads\/2023\/04\/pexels-furkanfdemir-6309802-1-scaled.jpg\u00bb alt=\u00bb\u00daLTIMAS TENDENCIAS EN TERRAZAS\u00bb title_text=\u00bb\u00daLTIMAS TENDENCIAS EN TERRAZAS\u00bb _builder_version=\u00bb4.20.4&#8243; _module_preset=\u00bbdefault\u00bb hover_enabled=\u00bb0&#8243; global_colors_info=\u00bb{}\u00bb width=\u00bb55%\u00bb sticky_enabled=\u00bb0&#8243; align=\u00bbcenter\u00bb][\/et_pb_image][\/et_pb_column][\/et_pb_row][\/et_pb_section]<\/p>\n","protected":false},"excerpt":{"rendered":"<p>\u00bfConoces las \u00faltimas tendencias en terrazas? Se tiende a\u00a0\u00a0la creaci\u00f3n de espacios exteriores m\u00e1s naturales y sostenibles, utilizando materiales org\u00e1nicos y plantas nativas y adaptadas al clima local. <\/p>\n","protected":false},"author":3,"featured_media":1043,"comment_status":"closed","ping_status":"closed","sticky":false,"template":"","format":"standard","meta":{"_et_pb_use_builder":"on","_et_pb_old_content":"","_et_gb_content_width":"","footnotes":""},"categories":[4],"tags":[29,30],"class_list":["post-1041","post","type-post","status-publish","format-standard","has-post-thumbnail","hentry","category-actualidad","tag-decoracion-exterior","tag-terrazas"],"yoast_head":"<!-- This site is optimized with the Yoast SEO plugin v27.5 - https:\/\/yoast.com\/product\/yoast-seo-wordpress\/ -->\n<title>\u00daltimas tendencias en terrazas<\/title>\n<meta name=\"description\" content=\"\u00bfConoces las \u00faltimas tendencias en terrazas? Se tiende a\u00a0\u00a0la creaci\u00f3n de espacios exteriores naturales, sostenibles y con materiales org\u00e1nicos\" \/>\n<meta name=\"robots\" content=\"index, follow, max-snippet:-1, max-image-preview:large, max-video-preview:-1\" \/>\n<link rel=\"canonical\" href=\"https:\/\/www.europolislasrozas.es\/actualidad\/ultimas-tendencias-en-terrazas\/\" \/>\n<meta property=\"og:locale\" content=\"es_ES\" \/>\n<meta property=\"og:type\" content=\"article\" \/>\n<meta property=\"og:title\" content=\"\u00daltimas tendencias en terrazas\" \/>\n<meta property=\"og:description\" content=\"\u00bfConoces las \u00faltimas tendencias en terrazas? Se tiende a\u00a0\u00a0la creaci\u00f3n de espacios exteriores naturales, sostenibles y con materiales org\u00e1nicos\" \/>\n<meta property=\"og:url\" content=\"https:\/\/www.europolislasrozas.es\/actualidad\/ultimas-tendencias-en-terrazas\/\" \/>\n<meta property=\"og:site_name\" content=\"europolislasrozas\" \/>\n<meta property=\"article:published_time\" content=\"2023-04-19T17:46:03+00:00\" \/>\n<meta property=\"article:modified_time\" content=\"2023-05-04T08:35:32+00:00\" \/>\n<meta property=\"og:image\" content=\"https:\/\/www.europolislasrozas.es\/actualidad\/wp-content\/uploads\/2023\/04\/Tendencias-en-Terrazas-768x1024-1.jpeg\" \/>\n\t<meta property=\"og:image:width\" content=\"768\" \/>\n\t<meta property=\"og:image:height\" content=\"1024\" \/>\n\t<meta property=\"og:image:type\" content=\"image\/jpeg\" \/>\n<meta name=\"author\" content=\"Eur\u00f3polis Las Rozas\" \/>\n<meta name=\"twitter:card\" content=\"summary_large_image\" \/>\n<meta name=\"twitter:creator\" content=\"@desarrollo@soluciones.si\" \/>\n<meta name=\"twitter:label1\" content=\"Escrito por\" \/>\n\t<meta name=\"twitter:data1\" content=\"Eur\u00f3polis Las Rozas\" \/>\n\t<meta name=\"twitter:label2\" content=\"Tiempo de lectura\" \/>\n\t<meta name=\"twitter:data2\" content=\"4 minutos\" \/>\n<script type=\"application\/ld+json\" class=\"yoast-schema-graph\">{\"@context\":\"https:\\\/\\\/schema.org\",\"@graph\":[{\"@type\":\"Article\",\"@id\":\"https:\\\/\\\/www.europolislasrozas.es\\\/actualidad\\\/ultimas-tendencias-en-terrazas\\\/#article\",\"isPartOf\":{\"@id\":\"https:\\\/\\\/www.europolislasrozas.es\\\/actualidad\\\/ultimas-tendencias-en-terrazas\\\/\"},\"author\":{\"name\":\"Eur\u00f3polis Las Rozas\",\"@id\":\"https:\\\/\\\/www.europolislasrozas.es\\\/actualidad\\\/#\\\/schema\\\/person\\\/24b44959f7880275e8672329dd60c4fa\"},\"headline\":\"\u00daLTIMAS TENDENCIAS EN TERRAZAS\",\"datePublished\":\"2023-04-19T17:46:03+00:00\",\"dateModified\":\"2023-05-04T08:35:32+00:00\",\"mainEntityOfPage\":{\"@id\":\"https:\\\/\\\/www.europolislasrozas.es\\\/actualidad\\\/ultimas-tendencias-en-terrazas\\\/\"},\"wordCount\":993,\"publisher\":{\"@id\":\"https:\\\/\\\/www.europolislasrozas.es\\\/actualidad\\\/#organization\"},\"image\":{\"@id\":\"https:\\\/\\\/www.europolislasrozas.es\\\/actualidad\\\/ultimas-tendencias-en-terrazas\\\/#primaryimage\"},\"thumbnailUrl\":\"https:\\\/\\\/www.europolislasrozas.es\\\/actualidad\\\/wp-content\\\/uploads\\\/2023\\\/04\\\/Tendencias-en-Terrazas-768x1024-1.jpeg\",\"keywords\":[\"decoraci\u00f3n exterior\",\"terrazas\"],\"articleSection\":[\"Actualidad\"],\"inLanguage\":\"es\"},{\"@type\":\"WebPage\",\"@id\":\"https:\\\/\\\/www.europolislasrozas.es\\\/actualidad\\\/ultimas-tendencias-en-terrazas\\\/\",\"url\":\"https:\\\/\\\/www.europolislasrozas.es\\\/actualidad\\\/ultimas-tendencias-en-terrazas\\\/\",\"name\":\"\u00daltimas tendencias en terrazas\",\"isPartOf\":{\"@id\":\"https:\\\/\\\/www.europolislasrozas.es\\\/actualidad\\\/#website\"},\"primaryImageOfPage\":{\"@id\":\"https:\\\/\\\/www.europolislasrozas.es\\\/actualidad\\\/ultimas-tendencias-en-terrazas\\\/#primaryimage\"},\"image\":{\"@id\":\"https:\\\/\\\/www.europolislasrozas.es\\\/actualidad\\\/ultimas-tendencias-en-terrazas\\\/#primaryimage\"},\"thumbnailUrl\":\"https:\\\/\\\/www.europolislasrozas.es\\\/actualidad\\\/wp-content\\\/uploads\\\/2023\\\/04\\\/Tendencias-en-Terrazas-768x1024-1.jpeg\",\"datePublished\":\"2023-04-19T17:46:03+00:00\",\"dateModified\":\"2023-05-04T08:35:32+00:00\",\"description\":\"\u00bfConoces las \u00faltimas tendencias en terrazas? Se tiende a\u00a0\u00a0la creaci\u00f3n de espacios exteriores naturales, sostenibles y con materiales org\u00e1nicos\",\"breadcrumb\":{\"@id\":\"https:\\\/\\\/www.europolislasrozas.es\\\/actualidad\\\/ultimas-tendencias-en-terrazas\\\/#breadcrumb\"},\"inLanguage\":\"es\",\"potentialAction\":[{\"@type\":\"ReadAction\",\"target\":[\"https:\\\/\\\/www.europolislasrozas.es\\\/actualidad\\\/ultimas-tendencias-en-terrazas\\\/\"]}]},{\"@type\":\"ImageObject\",\"inLanguage\":\"es\",\"@id\":\"https:\\\/\\\/www.europolislasrozas.es\\\/actualidad\\\/ultimas-tendencias-en-terrazas\\\/#primaryimage\",\"url\":\"https:\\\/\\\/www.europolislasrozas.es\\\/actualidad\\\/wp-content\\\/uploads\\\/2023\\\/04\\\/Tendencias-en-Terrazas-768x1024-1.jpeg\",\"contentUrl\":\"https:\\\/\\\/www.europolislasrozas.es\\\/actualidad\\\/wp-content\\\/uploads\\\/2023\\\/04\\\/Tendencias-en-Terrazas-768x1024-1.jpeg\",\"width\":768,\"height\":1024,\"caption\":\"\u00daLTIMAS TENDENCIAS EN TERRAZAS\"},{\"@type\":\"BreadcrumbList\",\"@id\":\"https:\\\/\\\/www.europolislasrozas.es\\\/actualidad\\\/ultimas-tendencias-en-terrazas\\\/#breadcrumb\",\"itemListElement\":[{\"@type\":\"ListItem\",\"position\":1,\"name\":\"Portada\",\"item\":\"https:\\\/\\\/www.europolislasrozas.es\\\/actualidad\\\/\"},{\"@type\":\"ListItem\",\"position\":2,\"name\":\"\u00daLTIMAS TENDENCIAS EN TERRAZAS\"}]},{\"@type\":\"WebSite\",\"@id\":\"https:\\\/\\\/www.europolislasrozas.es\\\/actualidad\\\/#website\",\"url\":\"https:\\\/\\\/www.europolislasrozas.es\\\/actualidad\\\/\",\"name\":\"europolislasrozas\",\"description\":\"Decoraci\u00f3n Integral Muebles de dise\u00f1o en las Rozas Decoracion de habitaciones infantiles Ba\u00f1os y cocinas de dise\u00f1o en Madrid\",\"publisher\":{\"@id\":\"https:\\\/\\\/www.europolislasrozas.es\\\/actualidad\\\/#organization\"},\"potentialAction\":[{\"@type\":\"SearchAction\",\"target\":{\"@type\":\"EntryPoint\",\"urlTemplate\":\"https:\\\/\\\/www.europolislasrozas.es\\\/actualidad\\\/?s={search_term_string}\"},\"query-input\":{\"@type\":\"PropertyValueSpecification\",\"valueRequired\":true,\"valueName\":\"search_term_string\"}}],\"inLanguage\":\"es\"},{\"@type\":\"Organization\",\"@id\":\"https:\\\/\\\/www.europolislasrozas.es\\\/actualidad\\\/#organization\",\"name\":\"europolislasrozas\",\"url\":\"https:\\\/\\\/www.europolislasrozas.es\\\/actualidad\\\/\",\"logo\":{\"@type\":\"ImageObject\",\"inLanguage\":\"es\",\"@id\":\"https:\\\/\\\/www.europolislasrozas.es\\\/actualidad\\\/#\\\/schema\\\/logo\\\/image\\\/\",\"url\":\"https:\\\/\\\/www.europolislasrozas.es\\\/actualidad\\\/wp-content\\\/uploads\\\/2021\\\/06\\\/logo-europolis-2020-275.jpg\",\"contentUrl\":\"https:\\\/\\\/www.europolislasrozas.es\\\/actualidad\\\/wp-content\\\/uploads\\\/2021\\\/06\\\/logo-europolis-2020-275.jpg\",\"width\":275,\"height\":127,\"caption\":\"europolislasrozas\"},\"image\":{\"@id\":\"https:\\\/\\\/www.europolislasrozas.es\\\/actualidad\\\/#\\\/schema\\\/logo\\\/image\\\/\"}},{\"@type\":\"Person\",\"@id\":\"https:\\\/\\\/www.europolislasrozas.es\\\/actualidad\\\/#\\\/schema\\\/person\\\/24b44959f7880275e8672329dd60c4fa\",\"name\":\"Eur\u00f3polis Las Rozas\",\"image\":{\"@type\":\"ImageObject\",\"inLanguage\":\"es\",\"@id\":\"https:\\\/\\\/secure.gravatar.com\\\/avatar\\\/8ea0d31fedf331eb9cdfdcf5b23cbbaf33b9bdd6d0bc191cca7b9edc27598447?s=96&d=mm&r=g\",\"url\":\"https:\\\/\\\/secure.gravatar.com\\\/avatar\\\/8ea0d31fedf331eb9cdfdcf5b23cbbaf33b9bdd6d0bc191cca7b9edc27598447?s=96&d=mm&r=g\",\"contentUrl\":\"https:\\\/\\\/secure.gravatar.com\\\/avatar\\\/8ea0d31fedf331eb9cdfdcf5b23cbbaf33b9bdd6d0bc191cca7b9edc27598447?s=96&d=mm&r=g\",\"caption\":\"Eur\u00f3polis Las Rozas\"},\"sameAs\":[\"https:\\\/\\\/x.com\\\/desarrollo@soluciones.si\"],\"url\":\"https:\\\/\\\/www.europolislasrozas.es\\\/actualidad\\\/author\\\/andres\\\/\"}]}<\/script>\n<!-- \/ Yoast SEO plugin. -->","yoast_head_json":{"title":"\u00daltimas tendencias en terrazas","description":"\u00bfConoces las \u00faltimas tendencias en terrazas? Se tiende a\u00a0\u00a0la creaci\u00f3n de espacios exteriores naturales, sostenibles y con materiales org\u00e1nicos","robots":{"index":"index","follow":"follow","max-snippet":"max-snippet:-1","max-image-preview":"max-image-preview:large","max-video-preview":"max-video-preview:-1"},"canonical":"https:\/\/www.europolislasrozas.es\/actualidad\/ultimas-tendencias-en-terrazas\/","og_locale":"es_ES","og_type":"article","og_title":"\u00daltimas tendencias en terrazas","og_description":"\u00bfConoces las \u00faltimas tendencias en terrazas? Se tiende a\u00a0\u00a0la creaci\u00f3n de espacios exteriores naturales, sostenibles y con materiales org\u00e1nicos","og_url":"https:\/\/www.europolislasrozas.es\/actualidad\/ultimas-tendencias-en-terrazas\/","og_site_name":"europolislasrozas","article_published_time":"2023-04-19T17:46:03+00:00","article_modified_time":"2023-05-04T08:35:32+00:00","og_image":[{"width":768,"height":1024,"url":"https:\/\/www.europolislasrozas.es\/actualidad\/wp-content\/uploads\/2023\/04\/Tendencias-en-Terrazas-768x1024-1.jpeg","type":"image\/jpeg"}],"author":"Eur\u00f3polis Las Rozas","twitter_card":"summary_large_image","twitter_creator":"@desarrollo@soluciones.si","twitter_misc":{"Escrito por":"Eur\u00f3polis Las Rozas","Tiempo de lectura":"4 minutos"},"schema":{"@context":"https:\/\/schema.org","@graph":[{"@type":"Article","@id":"https:\/\/www.europolislasrozas.es\/actualidad\/ultimas-tendencias-en-terrazas\/#article","isPartOf":{"@id":"https:\/\/www.europolislasrozas.es\/actualidad\/ultimas-tendencias-en-terrazas\/"},"author":{"name":"Eur\u00f3polis Las Rozas","@id":"https:\/\/www.europolislasrozas.es\/actualidad\/#\/schema\/person\/24b44959f7880275e8672329dd60c4fa"},"headline":"\u00daLTIMAS TENDENCIAS EN TERRAZAS","datePublished":"2023-04-19T17:46:03+00:00","dateModified":"2023-05-04T08:35:32+00:00","mainEntityOfPage":{"@id":"https:\/\/www.europolislasrozas.es\/actualidad\/ultimas-tendencias-en-terrazas\/"},"wordCount":993,"publisher":{"@id":"https:\/\/www.europolislasrozas.es\/actualidad\/#organization"},"image":{"@id":"https:\/\/www.europolislasrozas.es\/actualidad\/ultimas-tendencias-en-terrazas\/#primaryimage"},"thumbnailUrl":"https:\/\/www.europolislasrozas.es\/actualidad\/wp-content\/uploads\/2023\/04\/Tendencias-en-Terrazas-768x1024-1.jpeg","keywords":["decoraci\u00f3n exterior","terrazas"],"articleSection":["Actualidad"],"inLanguage":"es"},{"@type":"WebPage","@id":"https:\/\/www.europolislasrozas.es\/actualidad\/ultimas-tendencias-en-terrazas\/","url":"https:\/\/www.europolislasrozas.es\/actualidad\/ultimas-tendencias-en-terrazas\/","name":"\u00daltimas tendencias en terrazas","isPartOf":{"@id":"https:\/\/www.europolislasrozas.es\/actualidad\/#website"},"primaryImageOfPage":{"@id":"https:\/\/www.europolislasrozas.es\/actualidad\/ultimas-tendencias-en-terrazas\/#primaryimage"},"image":{"@id":"https:\/\/www.europolislasrozas.es\/actualidad\/ultimas-tendencias-en-terrazas\/#primaryimage"},"thumbnailUrl":"https:\/\/www.europolislasrozas.es\/actualidad\/wp-content\/uploads\/2023\/04\/Tendencias-en-Terrazas-768x1024-1.jpeg","datePublished":"2023-04-19T17:46:03+00:00","dateModified":"2023-05-04T08:35:32+00:00","description":"\u00bfConoces las \u00faltimas tendencias en terrazas? Se tiende a\u00a0\u00a0la creaci\u00f3n de espacios exteriores naturales, sostenibles y con materiales org\u00e1nicos","breadcrumb":{"@id":"https:\/\/www.europolislasrozas.es\/actualidad\/ultimas-tendencias-en-terrazas\/#breadcrumb"},"inLanguage":"es","potentialAction":[{"@type":"ReadAction","target":["https:\/\/www.europolislasrozas.es\/actualidad\/ultimas-tendencias-en-terrazas\/"]}]},{"@type":"ImageObject","inLanguage":"es","@id":"https:\/\/www.europolislasrozas.es\/actualidad\/ultimas-tendencias-en-terrazas\/#primaryimage","url":"https:\/\/www.europolislasrozas.es\/actualidad\/wp-content\/uploads\/2023\/04\/Tendencias-en-Terrazas-768x1024-1.jpeg","contentUrl":"https:\/\/www.europolislasrozas.es\/actualidad\/wp-content\/uploads\/2023\/04\/Tendencias-en-Terrazas-768x1024-1.jpeg","width":768,"height":1024,"caption":"\u00daLTIMAS TENDENCIAS EN TERRAZAS"},{"@type":"BreadcrumbList","@id":"https:\/\/www.europolislasrozas.es\/actualidad\/ultimas-tendencias-en-terrazas\/#breadcrumb","itemListElement":[{"@type":"ListItem","position":1,"name":"Portada","item":"https:\/\/www.europolislasrozas.es\/actualidad\/"},{"@type":"ListItem","position":2,"name":"\u00daLTIMAS TENDENCIAS EN TERRAZAS"}]},{"@type":"WebSite","@id":"https:\/\/www.europolislasrozas.es\/actualidad\/#website","url":"https:\/\/www.europolislasrozas.es\/actualidad\/","name":"europolislasrozas","description":"Decoraci\u00f3n Integral Muebles de dise\u00f1o en las Rozas Decoracion de habitaciones infantiles Ba\u00f1os y cocinas de dise\u00f1o en Madrid","publisher":{"@id":"https:\/\/www.europolislasrozas.es\/actualidad\/#organization"},"potentialAction":[{"@type":"SearchAction","target":{"@type":"EntryPoint","urlTemplate":"https:\/\/www.europolislasrozas.es\/actualidad\/?s={search_term_string}"},"query-input":{"@type":"PropertyValueSpecification","valueRequired":true,"valueName":"search_term_string"}}],"inLanguage":"es"},{"@type":"Organization","@id":"https:\/\/www.europolislasrozas.es\/actualidad\/#organization","name":"europolislasrozas","url":"https:\/\/www.europolislasrozas.es\/actualidad\/","logo":{"@type":"ImageObject","inLanguage":"es","@id":"https:\/\/www.europolislasrozas.es\/actualidad\/#\/schema\/logo\/image\/","url":"https:\/\/www.europolislasrozas.es\/actualidad\/wp-content\/uploads\/2021\/06\/logo-europolis-2020-275.jpg","contentUrl":"https:\/\/www.europolislasrozas.es\/actualidad\/wp-content\/uploads\/2021\/06\/logo-europolis-2020-275.jpg","width":275,"height":127,"caption":"europolislasrozas"},"image":{"@id":"https:\/\/www.europolislasrozas.es\/actualidad\/#\/schema\/logo\/image\/"}},{"@type":"Person","@id":"https:\/\/www.europolislasrozas.es\/actualidad\/#\/schema\/person\/24b44959f7880275e8672329dd60c4fa","name":"Eur\u00f3polis Las Rozas","image":{"@type":"ImageObject","inLanguage":"es","@id":"https:\/\/secure.gravatar.com\/avatar\/8ea0d31fedf331eb9cdfdcf5b23cbbaf33b9bdd6d0bc191cca7b9edc27598447?s=96&d=mm&r=g","url":"https:\/\/secure.gravatar.com\/avatar\/8ea0d31fedf331eb9cdfdcf5b23cbbaf33b9bdd6d0bc191cca7b9edc27598447?s=96&d=mm&r=g","contentUrl":"https:\/\/secure.gravatar.com\/avatar\/8ea0d31fedf331eb9cdfdcf5b23cbbaf33b9bdd6d0bc191cca7b9edc27598447?s=96&d=mm&r=g","caption":"Eur\u00f3polis Las Rozas"},"sameAs":["https:\/\/x.com\/desarrollo@soluciones.si"],"url":"https:\/\/www.europolislasrozas.es\/actualidad\/author\/andres\/"}]}},"_links":{"self":[{"href":"https:\/\/www.europolislasrozas.es\/actualidad\/wp-json\/wp\/v2\/posts\/1041","targetHints":{"allow":["GET"]}}],"collection":[{"href":"https:\/\/www.europolislasrozas.es\/actualidad\/wp-json\/wp\/v2\/posts"}],"about":[{"href":"https:\/\/www.europolislasrozas.es\/actualidad\/wp-json\/wp\/v2\/types\/post"}],"author":[{"embeddable":true,"href":"https:\/\/www.europolislasrozas.es\/actualidad\/wp-json\/wp\/v2\/users\/3"}],"replies":[{"embeddable":true,"href":"https:\/\/www.europolislasrozas.es\/actualidad\/wp-json\/wp\/v2\/comments?post=1041"}],"version-history":[{"count":8,"href":"https:\/\/www.europolislasrozas.es\/actualidad\/wp-json\/wp\/v2\/posts\/1041\/revisions"}],"predecessor-version":[{"id":1096,"href":"https:\/\/www.europolislasrozas.es\/actualidad\/wp-json\/wp\/v2\/posts\/1041\/revisions\/1096"}],"wp:featuredmedia":[{"embeddable":true,"href":"https:\/\/www.europolislasrozas.es\/actualidad\/wp-json\/wp\/v2\/media\/1043"}],"wp:attachment":[{"href":"https:\/\/www.europolislasrozas.es\/actualidad\/wp-json\/wp\/v2\/media?parent=1041"}],"wp:term":[{"taxonomy":"category","embeddable":true,"href":"https:\/\/www.europolislasrozas.es\/actualidad\/wp-json\/wp\/v2\/categories?post=1041"},{"taxonomy":"post_tag","embeddable":true,"href":"https:\/\/www.europolislasrozas.es\/actualidad\/wp-json\/wp\/v2\/tags?post=1041"}],"curies":[{"name":"wp","href":"https:\/\/api.w.org\/{rel}","templated":true}]}}