{"id":1112,"date":"2023-07-29T00:14:18","date_gmt":"2023-07-29T00:14:18","guid":{"rendered":"https:\/\/www.europolislasrozas.es\/actualidad\/?p=1112"},"modified":"2023-08-01T08:26:43","modified_gmt":"2023-08-01T08:26:43","slug":"salir-de-casa-sin-salir-de-casa","status":"publish","type":"post","link":"https:\/\/www.europolislasrozas.es\/actualidad\/salir-de-casa-sin-salir-de-casa\/","title":{"rendered":"SALIR DE CASA SIN SALIR DE CASA"},"content":{"rendered":"\n\n\n\n[et_pb_section fb_built=\u00bb1&#8243; _builder_version=\u00bb4.20.4&#8243; _module_preset=\u00bbdefault\u00bb max_width=\u00bb100%\u00bb top_divider_style=\u00bbwaves2&#8243; top_divider_color=\u00bb#0dd4db\u00bb bottom_divider_style=\u00bbwaves2&#8243; bottom_divider_color=\u00bb#0dd4db\u00bb bottom_divider_height=\u00bb103px\u00bb global_colors_info=\u00bb{}\u00bb][et_pb_row _builder_version=\u00bb4.20.4&#8243; _module_preset=\u00bbdefault\u00bb custom_padding=\u00bb86px|||||\u00bb][et_pb_column _builder_version=\u00bb4.20.4&#8243; _module_preset=\u00bbdefault\u00bb type=\u00bb4_4&#8243;][et_pb_image src=\u00bbhttps:\/\/www.europolislasrozas.es\/actualidad\/wp-content\/uploads\/2023\/07\/eur.jpg\u00bb _builder_version=\u00bb4.20.4&#8243; _module_preset=\u00bbdefault\u00bb title_text=\u00bbeur\u00bb hover_enabled=\u00bb0&#8243; sticky_enabled=\u00bb0&#8243;][\/et_pb_image][\/et_pb_column][\/et_pb_row][et_pb_row _builder_version=\u00bb4.20.4&#8243; _module_preset=\u00bbdefault\u00bb custom_padding=\u00bb86px|||||\u00bb custom_margin=\u00bb-99px|auto||auto||\u00bb][et_pb_column _builder_version=\u00bb4.20.4&#8243; _module_preset=\u00bbdefault\u00bb type=\u00bb4_4&#8243;][et_pb_text _builder_version=\u00bb4.20.4&#8243; _module_preset=\u00bbdefault\u00bb hover_enabled=\u00bb0&#8243; sticky_enabled=\u00bb0&#8243;]<p style=\"text-align: center;\">Salir de casa sin salir de casa, disfrutando de tu jard\u00edn, terraza o piscina. Un espacio al aire libre esculpiendo una prolongaci\u00f3n de tu hogar totalmente personalizada. Tu casa habla de ti y t\u00fa hablar\u00e1s de tu casa, porque es diferente, no deja indiferente.<\/p>\n<p style=\"text-align: center;\">Eur\u00f3polis est\u00e1 hecho de sue\u00f1os que podemos hacer realidad. Una ciudad de infinitas posibilidades.<\/p>\n<p style=\"text-align: center;\">Dise\u00f1o para tu felicidad.<\/p>[\/et_pb_text][\/et_pb_column][\/et_pb_row][et_pb_row _builder_version=\u00bb4.20.4&#8243; _module_preset=\u00bbdefault\u00bb custom_padding=\u00bb130px|||||\u00bb custom_margin=\u00bb-94px|auto||auto||\u00bb][et_pb_column _builder_version=\u00bb4.20.4&#8243; _module_preset=\u00bbdefault\u00bb type=\u00bb4_4&#8243;][et_pb_text _builder_version=\u00bb4.20.4&#8243; _module_preset=\u00bbdefault\u00bb hover_enabled=\u00bb0&#8243; sticky_enabled=\u00bb0&#8243;]<h2 class=\"p1\" style=\"text-align: justify;\"><strong>La tienda DAKARAI: <span style=\"color: #808080;\">tu destino para muebles de exterior y terrazas.<\/span><\/strong><\/h2>[\/et_pb_text][\/et_pb_column][\/et_pb_row][et_pb_row column_structure=\u00bb1_2,1_2&#8243; _builder_version=\u00bb4.20.4&#8243; _module_preset=\u00bbdefault\u00bb global_colors_info=\u00bb{}\u00bb][et_pb_column type=\u00bb1_2&#8243; _builder_version=\u00bb4.20.4&#8243; _module_preset=\u00bbdefault\u00bb global_colors_info=\u00bb{}\u00bb][et_pb_image src=\u00bbhttps:\/\/www.europolislasrozas.es\/actualidad\/wp-content\/uploads\/2023\/07\/Dakarai.jpg\u00bb alt=\u00bbDecoraci\u00f3n exterior\u00bb title_text=\u00bbDecoraci\u00f3n exterior\u00bb _builder_version=\u00bb4.20.4&#8243; _module_preset=\u00bbdefault\u00bb width=\u00bb88%\u00bb custom_padding=\u00bb|||43px|false|false\u00bb global_colors_info=\u00bb{}\u00bb][\/et_pb_image][\/et_pb_column][et_pb_column type=\u00bb1_2&#8243; _builder_version=\u00bb4.20.4&#8243; _module_preset=\u00bbdefault\u00bb global_colors_info=\u00bb{}\u00bb][et_pb_text _builder_version=\u00bb4.20.4&#8243; _module_preset=\u00bbdefault\u00bb hover_enabled=\u00bb0&#8243; global_colors_info=\u00bb{}\u00bb sticky_enabled=\u00bb0&#8243;]<p class=\"p1\" style=\"text-align: justify;\">Recuerda que <b>no es necesario hacer grandes reformas para mejorar tu vivienda<\/b>. Con peque\u00f1os cambios y la incorporaci\u00f3n de elementos naturales, puedes transformar tu terraza o jard\u00edn en un espacio acogedor y lleno de vida. \u00a1Aprovecha estos meses m\u00e1s tranquilos para darle un nuevo aire a tu hogar!<\/p>\n<p class=\"p1\" style=\"text-align: justify;\">En Eur\u00f3polis tenemos infinitas posibilidades para decorar tu hogar, para hacer reformas, \u00a1queremos que consigas tener la casa de tus sue\u00f1os!<\/p>\n<p class=\"p1\" style=\"text-align: justify;\">La tienda <a href=\"https:\/\/www.europolislasrozas.es\/tienda\/dakarai\" target=\"_blank\" rel=\"noopener\"><b>DAKARAI<\/b><\/a> tu destino para muebles de exterior y terrazas.<\/p>\n<p class=\"p1\" style=\"text-align: justify;\">\u00bfEst\u00e1s buscando muebles de exterior y accesorios para tu terraza? No busques m\u00e1s, porque la tienda DAKARAI tiene todo lo que necesitas para crear un espacio al aire libre acogedor y elegante. Con una amplia selecci\u00f3n de muebles de alta calidad, desde sof\u00e1s y mesas hasta tumbonas y sombrillas, DAKARAI ofrece opciones para todos los estilos y presupuestos. Ya sea que est\u00e9s buscando muebles modernos y minimalistas o muebles r\u00fasticos y tradicionales, encontrar\u00e1s lo que necesitas en DAKARAI. Adem\u00e1s, su equipo de expertos en dise\u00f1o estar\u00e1 encantado de ayudarte a elegir los muebles perfectos para tu terraza, teniendo en cuenta tus gustos y necesidades. No esperes m\u00e1s y visita DAKARAI para transformar tu terraza en un oasis de confort y estilo.<\/p>\n<p class=\"p1\">[\/et_pb_text][\/et_pb_column][\/et_pb_row][et_pb_row _builder_version=\u00bb4.20.4&#8243; _module_preset=\u00bbdefault\u00bb][et_pb_column _builder_version=\u00bb4.20.4&#8243; _module_preset=\u00bbdefault\u00bb type=\u00bb4_4&#8243;][et_pb_text _builder_version=\u00bb4.20.4&#8243; _module_preset=\u00bbdefault\u00bb hover_enabled=\u00bb0&#8243; sticky_enabled=\u00bb0&#8243;]<h2 class=\"p1\" style=\"text-align: justify;\"><strong>DESJOYAUX: <span style=\"color: #808080;\">los expertos en piscinas para disfrutar del verano en casa<\/span><\/strong><\/h2>[\/et_pb_text][\/et_pb_column][\/et_pb_row][et_pb_row column_structure=\u00bb1_2,1_2&#8243; _builder_version=\u00bb4.20.4&#8243; _module_preset=\u00bbdefault\u00bb hover_enabled=\u00bb0&#8243; global_colors_info=\u00bb{}\u00bb custom_margin=\u00bb0px|auto||auto||\u00bb sticky_enabled=\u00bb0&#8243;][et_pb_column type=\u00bb1_2&#8243; _builder_version=\u00bb4.20.4&#8243; _module_preset=\u00bbdefault\u00bb global_colors_info=\u00bb{}\u00bb][et_pb_text _builder_version=\u00bb4.20.4&#8243; _module_preset=\u00bbdefault\u00bb hover_enabled=\u00bb0&#8243; global_colors_info=\u00bb{}\u00bb sticky_enabled=\u00bb0&#8243;]<p class=\"p1\" style=\"text-align: justify;\">\u00bfQuieres tener una piscina en tu hogar para disfrutar del verano al m\u00e1ximo? <a href=\"https:\/\/www.europolislasrozas.es\/tienda\/desjoyaux-las-rozas\" target=\"_blank\" rel=\"noopener\">DESJOYAUX<\/a> es la soluci\u00f3n perfecta. Con a\u00f1os de experiencia en el dise\u00f1o y construcci\u00f3n de piscinas, DESJOYAUX ofrece una amplia gama de opciones para adaptarse a tus necesidades y preferencias. Desde piscinas tradicionales hasta piscinas de dise\u00f1o personalizado, DESJOYAUX se encargar\u00e1 de crear la piscina de tus sue\u00f1os. Adem\u00e1s, su equipo de profesionales altamente capacitados se encargar\u00e1 de todo el proceso, desde la planificaci\u00f3n y construcci\u00f3n hasta el mantenimiento y cuidado de tu piscina. Con DESJOYAUX, podr\u00e1s disfrutar de momentos refrescantes y divertidos en tu propio hogar durante los calurosos d\u00edas de verano.<\/p>\n<p class=\"p1\" style=\"text-align: justify;\"><strong>Piscinas de interior y exterior<\/strong><span>\u00a0f\u00e1ciles de instalar y de mantener para el bienestar de toda la familia. Una piscina con la que se sentir\u00e1 en casa como si estuviera de vacaciones, que se vive de mil y una maneras y en cualquier momento del d\u00eda y del a\u00f1o.\u00a0Nos preocupamos por el futuro del planeta. Por eso, Desjoyaux integra en su desarrollo el respeto por el medio ambiente dise\u00f1ando piscinas m\u00e1s ecol\u00f3gicas \u00bfNuestro esp\u00edritu de familia? preocuparnos por el planeta al construir.<\/span><\/p>[\/et_pb_text][\/et_pb_column][et_pb_column type=\u00bb1_2&#8243; _builder_version=\u00bb4.20.4&#8243; _module_preset=\u00bbdefault\u00bb global_colors_info=\u00bb{}\u00bb][et_pb_image src=\u00bbhttps:\/\/www.europolislasrozas.es\/actualidad\/wp-content\/uploads\/2023\/07\/Desjoyaux2.jpg\u00bb alt=\u00bbDecoraci\u00f3n exterior\u00bb title_text=\u00bbDecoraci\u00f3n exterior\u00bb _builder_version=\u00bb4.20.4&#8243; _module_preset=\u00bbdefault\u00bb width=\u00bb81%\u00bb global_colors_info=\u00bb{}\u00bb][\/et_pb_image][\/et_pb_column][\/et_pb_row][et_pb_row _builder_version=\u00bb4.20.4&#8243; _module_preset=\u00bbdefault\u00bb][et_pb_column _builder_version=\u00bb4.20.4&#8243; _module_preset=\u00bbdefault\u00bb type=\u00bb4_4&#8243;][et_pb_text _builder_version=\u00bb4.20.4&#8243; _module_preset=\u00bbdefault\u00bb hover_enabled=\u00bb0&#8243; sticky_enabled=\u00bb0&#8243; custom_padding=\u00bb|20px|32px|20px|false|false\u00bb]<h1 style=\"text-align: left;\"><strong>REFORMAS, <span style=\"color: #808080;\">RENOVARSE Y VIVIR<\/span><\/strong><\/h1>\n<h3 class=\"p1\"><b>Mejora tu vivienda <span style=\"color: #808080;\">antes de volver a la rutina<\/span><\/b><\/h3>[\/et_pb_text][\/et_pb_column][\/et_pb_row][et_pb_row column_structure=\u00bb1_2,1_2&#8243; _builder_version=\u00bb4.20.4&#8243; _module_preset=\u00bbdefault\u00bb global_colors_info=\u00bb{}\u00bb custom_margin=\u00bb-53px|auto||auto||\u00bb][et_pb_column type=\u00bb1_2&#8243; _builder_version=\u00bb4.20.4&#8243; _module_preset=\u00bbdefault\u00bb global_colors_info=\u00bb{}\u00bb][et_pb_image src=\u00bbhttps:\/\/www.europolislasrozas.es\/actualidad\/wp-content\/uploads\/2022\/06\/WhatsApp-Image-2022-06-23-at-2.15.39-PM.jpeg\u00bb alt=\u00bbdecoraci\u00f3n exteriores\u00bb title_text=\u00bbdecoraci\u00f3n exteriores\u00bb _builder_version=\u00bb4.20.4&#8243; _module_preset=\u00bbdefault\u00bb global_colors_info=\u00bb{}\u00bb][\/et_pb_image][\/et_pb_column][et_pb_column type=\u00bb1_2&#8243; _builder_version=\u00bb4.20.4&#8243; _module_preset=\u00bbdefault\u00bb global_colors_info=\u00bb{}\u00bb][et_pb_text _builder_version=\u00bb4.20.4&#8243; _module_preset=\u00bbdefault\u00bb hover_enabled=\u00bb0&#8243; global_colors_info=\u00bb{}\u00bb sticky_enabled=\u00bb0&#8243;]<p class=\"p1\" style=\"text-align: justify;\">Despu\u00e9s de un per\u00edodo de descanso y relajaci\u00f3n, es el momento perfecto para mejorar tu vivienda antes de volver a la rutina diaria. No es necesario realizar grandes reformas, ya que peque\u00f1os cambios pueden marcar una gran diferencia. Dedica estos meses m\u00e1s tranquilos a arreglar esos detalles que has dejado pendientes durante el invierno. Desde renovar el ba\u00f1o y la cocina hasta redecorar las habitaciones de los hijos, hay muchas formas de darle un nuevo aire a tu hogar. Adem\u00e1s, estos cambios no solo mejorar\u00e1n la est\u00e9tica de tu vivienda, sino que tambi\u00e9n contribuir\u00e1n a crear un ambiente m\u00e1s acogedor y funcional. No esperes m\u00e1s y aprovecha este momento para hacer esos arreglos que tanto has deseado. Tu hogar te lo agradecer\u00e1 y te sentir\u00e1s renovado para enfrentar la rutina con energ\u00eda y estilo.<\/p>\n<p class=\"p1\" style=\"text-align: justify;\"><strong>1-<\/strong> Las \u00faltimas tendencias en decoraci\u00f3n de exteriores se centran en el uso de materiales naturales y en crear espacios que evocan la naturaleza y la sostenibilidad. Aqu\u00ed te presentamos algunas ideas para mejorar tu terraza o jard\u00edn antes de volver a la rutina:<\/p>\n<p><strong>2-<\/strong> Incorpora fibras naturales: Los materiales como el mimbre y el yute est\u00e1n en tendencia para decorar el hogar. Puedes utilizar cestos de mimbre como revisteros o para almacenar objetos en tu terraza. Estas fibras aportan un toque c\u00e1lido y acogedor.<\/p>\n<p>&nbsp;<\/p>[\/et_pb_text][\/et_pb_column][\/et_pb_row][et_pb_row column_structure=\u00bb1_2,1_2&#8243; _builder_version=\u00bb4.20.4&#8243; _module_preset=\u00bbdefault\u00bb global_colors_info=\u00bb{}\u00bb][et_pb_column type=\u00bb1_2&#8243; _builder_version=\u00bb4.20.4&#8243; _module_preset=\u00bbdefault\u00bb global_colors_info=\u00bb{}\u00bb][et_pb_text _builder_version=\u00bb4.20.4&#8243; _module_preset=\u00bbdefault\u00bb global_colors_info=\u00bb{}\u00bb]<p><strong>3-<\/strong> Utiliza madera: La madera es un material fundamental en la decoraci\u00f3n natural. Puedes optar por muebles de exterior de madera, como mesas y sillas, para crear un ambiente r\u00fastico y c\u00e1lido en tu terraza.<\/p>\n<p><strong>4-<\/strong> Aprovecha el bamb\u00fa: El bamb\u00fa es otro material muy utilizado en la decoraci\u00f3n de exteriores. Puedes utilizarlo para crear separadores de ambientes, p\u00e9rgolas o incluso revestir paredes. El bamb\u00fa aporta un toque ex\u00f3tico y natural a tu espacio exterior.<\/p>\n<p><strong>5-<\/strong> Apuesta por textiles nude: Los textiles en tonos neutros y suaves, como el beige o el blanco, son ideales para crear un ambiente relajante y fresco en tu terraza. Puedes utilizar cojines, alfombras o cortinas en estos tonos para darle un toque acogedor a tu espacio.<\/p>\n<p><strong>6-<\/strong> Crea zonas verdes: La vegetaci\u00f3n es fundamental en la decoraci\u00f3n de exteriores. A\u00f1ade plantas y flores a tu terraza para crear un ambiente fresco y natural. Puedes utilizar macetas colgantes, jardineras o incluso crear un peque\u00f1o jard\u00edn vertical.<\/p>[\/et_pb_text][\/et_pb_column][et_pb_column type=\u00bb1_2&#8243; _builder_version=\u00bb4.20.4&#8243; _module_preset=\u00bbdefault\u00bb global_colors_info=\u00bb{}\u00bb][et_pb_image src=\u00bbhttps:\/\/www.europolislasrozas.es\/actualidad\/wp-content\/uploads\/2022\/06\/WhatsApp-Image-2022-06-23-at-2.20.31-PM.jpeg\u00bb alt=\u00bbDecoraci\u00f3n exterior\u00bb title_text=\u00bbDecoraci\u00f3n exterior\u00bb _builder_version=\u00bb4.20.4&#8243; _module_preset=\u00bbdefault\u00bb width=\u00bb81%\u00bb global_colors_info=\u00bb{}\u00bb][\/et_pb_image][\/et_pb_column][\/et_pb_row][et_pb_row _builder_version=\u00bb4.20.4&#8243; _module_preset=\u00bbdefault\u00bb][et_pb_column _builder_version=\u00bb4.20.4&#8243; _module_preset=\u00bbdefault\u00bb type=\u00bb4_4&#8243;][et_pb_video src=\u00bbhttps:\/\/www.youtube.com\/watch?v=r-ovFCxdPh4&#8243; _builder_version=\u00bb4.20.4&#8243; _module_preset=\u00bbdefault\u00bb hover_enabled=\u00bb0&#8243; sticky_enabled=\u00bb0&#8243; width=\u00bb100%\u00bb][\/et_pb_video][\/et_pb_column][\/et_pb_row][et_pb_row _builder_version=\u00bb4.20.4&#8243; _module_preset=\u00bbdefault\u00bb][et_pb_column _builder_version=\u00bb4.20.4&#8243; _module_preset=\u00bbdefault\u00bb type=\u00bb4_4&#8243;][et_pb_text _builder_version=\u00bb4.20.4&#8243; _module_preset=\u00bbdefault\u00bb hover_enabled=\u00bb0&#8243; sticky_enabled=\u00bb0&#8243;]<h2 class=\"font_8 wixui-rich-text__text\" style=\"text-align: justify;\"><strong><span class=\"\">Bustelo Romero BR Estudio: <span style=\"color: #808080;\">innovaci\u00f3n en Arquitectura y Dise\u00f1o.<\/span><\/span><\/strong><\/h2>[\/et_pb_text][\/et_pb_column][\/et_pb_row][et_pb_row column_structure=\u00bb2_3,1_3&#8243; _builder_version=\u00bb4.20.4&#8243; _module_preset=\u00bbdefault\u00bb global_colors_info=\u00bb{}\u00bb custom_margin=\u00bb-11px|auto||auto||\u00bb][et_pb_column type=\u00bb2_3&#8243; _builder_version=\u00bb4.20.4&#8243; _module_preset=\u00bbdefault\u00bb global_colors_info=\u00bb{}\u00bb][et_pb_image src=\u00bbhttps:\/\/www.europolislasrozas.es\/actualidad\/wp-content\/uploads\/2023\/07\/BUSTELO-ROMERO-ARCHITECTURE-DESIGN-scaled.jpg\u00bb alt=\u00bbDecoraci\u00f3n exterior\u00bb title_text=\u00bbDecoraci\u00f3n exterior\u00bb _builder_version=\u00bb4.20.4&#8243; _module_preset=\u00bbdefault\u00bb global_colors_info=\u00bb{}\u00bb][\/et_pb_image][\/et_pb_column][et_pb_column type=\u00bb1_3&#8243; _builder_version=\u00bb4.20.4&#8243; _module_preset=\u00bbdefault\u00bb global_colors_info=\u00bb{}\u00bb][et_pb_text _builder_version=\u00bb4.20.4&#8243; _module_preset=\u00bbdefault\u00bb hover_enabled=\u00bb0&#8243; global_colors_info=\u00bb{}\u00bb sticky_enabled=\u00bb0&#8243;]<h3 class=\"font_8 wixui-rich-text__text\" style=\"text-align: justify;\"><strong style=\"font-size: 17px; color: #27242f;\">Bustelo Romero BR Estudio<\/strong><span style=\"font-size: 17px; color: #27242f;\"> es un estudio innovador en el campo de la arquitectura y el dise\u00f1o. Con una visi\u00f3n vanguardista y una s\u00f3lida experiencia en pr\u00e1cticas y tecnolog\u00edas de vanguardia, ofrecen soluciones creativas y funcionales para proyectos arquitect\u00f3nicos y de dise\u00f1o de interiores. Su enfoque se centra en la innovaci\u00f3n, la calidad y la atenci\u00f3n al detalle.<\/span><\/h3>\n<p class=\"font_8 wixui-rich-text__text\" style=\"text-align: justify;\"><span class=\"\"><\/span><\/p>\n<p class=\"font_8 wixui-rich-text__text\" style=\"text-align: justify;\">\u00a1<a href=\"https:\/\/www.busteloromero.com\/contact\" target=\"_blank\" rel=\"noopener\">Bustelo Romero<\/a>, te enemorar\u00e1! porque buscan hacer las cosas de una forma diferente, explorando nuevos m\u00e9todos, sistemas y tecnolog\u00edas aplicadas a la arquitectura y el dise\u00f1o para mejorar la calidad de sus proyectos y la experiencia de sus clientes.<\/p>\n<p class=\"font_8 wixui-rich-text__text\" style=\"text-align: justify;\"><span class=\"wixGuard wixui-rich-text__text\">\u200b<\/span>Este proceso asegura que el cliente tendr\u00e1 siempre el grado de intervenci\u00f3n en el proyecto que desee. Trabajamos con las \u00faltimas tecnolog\u00edas para que el cliente, si as\u00ed lo quiere, pueda, entre otras herramientas, previsualizar su proyecto con todo detalle, hacer cambios en tiempo real, im\u00e1genes hiperrealistas 2D y 360 grados.<\/p>\n<p class=\"font_8 wixui-rich-text__text\" style=\"text-align: justify;\"><span class=\"wixGuard wixui-rich-text__text\">\u200b<\/span>De esta forma conseguen que sus proyectos sean el resultado de un proceso colaborativo, innovador y valiente.<\/p>[\/et_pb_text][\/et_pb_column][\/et_pb_row][et_pb_row _builder_version=\u00bb4.20.4&#8243; _module_preset=\u00bbdefault\u00bb][et_pb_column _builder_version=\u00bb4.20.4&#8243; _module_preset=\u00bbdefault\u00bb type=\u00bb4_4&#8243;][et_pb_text _builder_version=\u00bb4.20.4&#8243; _module_preset=\u00bbdefault\u00bb hover_enabled=\u00bb0&#8243; sticky_enabled=\u00bb0&#8243;]<h2 style=\"text-align: justify;\"><strong><span class=\"\">Cocinas Schmidt: <span style=\"color: #808080;\">la soluci\u00f3n a medida para tu hogar<\/span><\/span><\/strong><\/h2>[\/et_pb_text][\/et_pb_column][\/et_pb_row][et_pb_row column_structure=\u00bb1_3,2_3&#8243; _builder_version=\u00bb4.20.4&#8243; _module_preset=\u00bbdefault\u00bb global_colors_info=\u00bb{}\u00bb custom_margin=\u00bb-1px|auto||auto||\u00bb][et_pb_column type=\u00bb1_3&#8243; _builder_version=\u00bb4.20.4&#8243; _module_preset=\u00bbdefault\u00bb global_colors_info=\u00bb{}\u00bb][et_pb_text _builder_version=\u00bb4.20.4&#8243; _module_preset=\u00bbdefault\u00bb hover_enabled=\u00bb0&#8243; global_colors_info=\u00bb{}\u00bb sticky_enabled=\u00bb0&#8243;]<p style=\"text-align: justify;\"><span class=\"\">Innovaci\u00f3n, calidad, dise\u00f1o y ergonom\u00eda son reconocidos en todo el mundo. Tendr\u00e1s una variada colecci\u00f3n de estilos, muebles y electrodom\u00e9sticos eficientes, encontrar\u00e1s la cocina ideal que tanto buscas.<\/span><\/p>\n<p style=\"text-align: justify;\"><span class=\"block mt-md\"><\/span><span class=\"\">\u00bfSue\u00f1as con una cocina completa y totalmente equipada a medida y adaptada a tus deseos?\u00a0 encontrar\u00e1s l\u00edneas de dise\u00f1o, materiales nobles, tendencias modernas o intemporales, modelos de cocinas en todos los estilos. <\/span><\/p>\n<p style=\"text-align: justify;\"><span class=\"\">Si quieres una isla central, muebles de hogar con gran volumen y equipamientos totalmente personalizados, <a href=\"https:\/\/www.europolislasrozas.es\/tienda\/schmidt\" target=\"_blank\" rel=\"noopener\">Cocinas Schmidt<\/a> te propone descubrir tu cocina ideal.<\/span><\/p>\n<p style=\"text-align: justify;\"><span class=\"block mt-md\"><\/span><span class=\"\"><strong>Soluciones a medida<\/strong> para vestidores, muebles de hogar y ba\u00f1os. No hace falta reformar, todo se puede mejorar. Ba\u00f1os, cocinas, habitaciones, en estos meses tranquilos es buen momento para ponerse \u00abmanos a la obra\u00bb!<\/span><\/p>\n<p style=\"text-align: justify;\"><span class=\"\">Podr\u00e1s disfrutar de su amplia experiencia en el sector, innovaci\u00f3n, calidad, dise\u00f1o y ergonom\u00eda, tu cocina ideal te espera!<\/span><\/p>[\/et_pb_text][\/et_pb_column][et_pb_column type=\u00bb2_3&#8243; _builder_version=\u00bb4.20.4&#8243; _module_preset=\u00bbdefault\u00bb global_colors_info=\u00bb{}\u00bb][et_pb_image src=\u00bbhttps:\/\/www.europolislasrozas.es\/actualidad\/wp-content\/uploads\/2023\/07\/COCINAS-SCHMIDT.jpeg\u00bb alt=\u00bbDecoraci\u00f3n exterior\u00bb title_text=\u00bbCOCINAS, SCHMIDT\u00bb _builder_version=\u00bb4.20.4&#8243; _module_preset=\u00bbdefault\u00bb global_colors_info=\u00bb{}\u00bb][\/et_pb_image][\/et_pb_column][\/et_pb_row][et_pb_row _builder_version=\u00bb4.20.4&#8243; _module_preset=\u00bbdefault\u00bb][et_pb_column _builder_version=\u00bb4.20.4&#8243; _module_preset=\u00bbdefault\u00bb type=\u00bb4_4&#8243;][et_pb_text _builder_version=\u00bb4.20.4&#8243; _module_preset=\u00bbdefault\u00bb hover_enabled=\u00bb0&#8243; sticky_enabled=\u00bb0&#8243;]<h2 style=\"text-align: justify;\"><strong><span class=\"\">Karanne:\u00a0 <span style=\"color: #808080;\">la tienda de decoraci\u00f3n que te sorprender\u00e1.<\/span><\/span><\/strong><\/h2>[\/et_pb_text][\/et_pb_column][\/et_pb_row][et_pb_row column_structure=\u00bb1_2,1_2&#8243; _builder_version=\u00bb4.20.4&#8243; _module_preset=\u00bbdefault\u00bb global_colors_info=\u00bb{}\u00bb custom_margin=\u00bb-13px|auto||auto||\u00bb][et_pb_column type=\u00bb1_2&#8243; _builder_version=\u00bb4.20.4&#8243; _module_preset=\u00bbdefault\u00bb global_colors_info=\u00bb{}\u00bb][et_pb_image src=\u00bbhttps:\/\/www.europolislasrozas.es\/actualidad\/wp-content\/uploads\/2023\/07\/KARANNE-.jpg\u00bb alt=\u00bbDecoraci\u00f3n exterior\u00bb title_text=\u00bbKARANNE\u00bb _builder_version=\u00bb4.20.4&#8243; _module_preset=\u00bbdefault\u00bb global_colors_info=\u00bb{}\u00bb][\/et_pb_image][\/et_pb_column][et_pb_column type=\u00bb1_2&#8243; _builder_version=\u00bb4.20.4&#8243; _module_preset=\u00bbdefault\u00bb global_colors_info=\u00bb{}\u00bb][et_pb_text _builder_version=\u00bb4.20.4&#8243; _module_preset=\u00bbdefault\u00bb hover_enabled=\u00bb0&#8243; global_colors_info=\u00bb{}\u00bb sticky_enabled=\u00bb0&#8243;]<p style=\"text-align: justify;\"><span class=\"block mt-md\"><\/span><span class=\"\"><a href=\"https:\/\/www.europolislasrozas.es\/tienda\/karanne\" target=\"_blank\" rel=\"noopener\">Karanne<\/a> es una tienda de decoraci\u00f3n que se especializa en ofrecer productos de alta calidad y dise\u00f1o exclusivo. <\/span><\/p>\n<p style=\"text-align: justify;\"><span class=\"\">Con una amplia variedad de productos, desde muebles hasta accesorios, Karanne es el lugar perfecto para encontrar todo lo que necesitas para decorar tu hogar.<\/span><\/p>\n<p style=\"text-align: justify;\"><span class=\"block mt-md\"><\/span><span class=\"\">La filosof\u00eda de Karanne se basa en la personalizaci\u00f3n y exclusividad, siendo diferente tu casa nunca dejar\u00e1 indeferente!. <\/span><\/p>\n<p style=\"text-align: justify;\"><span class=\"block mt-md\"><\/span><span class=\"\">En Karanne, encontrar\u00e1s una amplia variedad de estilos decorativos, desde lo cl\u00e1sico hasta lo m\u00e1s moderno. <\/span><\/p>\n<p style=\"text-align: justify;\"><span class=\"\">Tambi\u00e9n ofrecen productos para mejorar tu vivienda antes de volver a la rutina, sin necesidad de hacer grandes reformas.<\/span><\/p>\n<p style=\"text-align: justify;\"><span class=\"block mt-md\"><\/span><span class=\"\">En resumen, Karanne es una tienda de decoraci\u00f3n que te sorprender\u00e1 con su amplia variedad de productos de alta calidad y dise\u00f1o exclusivo. <\/span><\/p>\n<p style=\"text-align: justify;\"><span class=\"\">Si buscas una decoraci\u00f3n personalizada y exclusiva, Karanne es el lugar perfecto para ti.<\/span><\/p>\n<p style=\"text-align: justify;\"><b>Karann\u00e9<\/b><span>\u00a0es una firma dedicada a la decoraci\u00f3n integral y venta de sof\u00e1s de alta gama y fabricaci\u00f3n propia, pudiendo ofrecer calidad y dise\u00f1os personalizados adapt\u00e1ndonos al estilo de cada uno de nuestros clientes aport\u00e1ndoles una diferencia \u00fanica.<\/span><\/p>\n<p style=\"text-align: justify;\"><span>Nuestra se\u00f1a de identidad es la fabricaci\u00f3n propia 100% espa\u00f1ola, el cuidado por los detalles y la calidad de los materiales, logrando que cada\u00a0<\/span><b>Karann\u00e9\u00a0<\/b><span>sea una pieza exclusiva.<\/span><\/p>\n<p style=\"text-align: justify;\"><span>Descubre nuestra colecci\u00f3n de sof\u00e1s. Conoce nuestros modelos que pod\u00e9is realizar en todas las distribuciones, a medida y con mecanismos deslizantes. \u00bfBuscas un confort XXL? Te asesoramos ofreci\u00e9ndote una gran oferta de sof\u00e1s que\u00a0<\/span><\/p>[\/et_pb_text][\/et_pb_column][\/et_pb_row][et_pb_row _builder_version=\u00bb4.20.4&#8243; _module_preset=\u00bbdefault\u00bb][et_pb_column _builder_version=\u00bb4.20.4&#8243; _module_preset=\u00bbdefault\u00bb type=\u00bb4_4&#8243;][et_pb_text _builder_version=\u00bb4.20.4&#8243; _module_preset=\u00bbdefault\u00bb hover_enabled=\u00bb0&#8243; sticky_enabled=\u00bb0&#8243;]<h2 style=\"text-align: justify;\"><strong><span class=\"\">Descubre <a href=\"https:\/\/www.europolislasrozas.es\/tienda\/calvo-y-munar\" target=\"_blank\" rel=\"noopener\">Calvo y Munar<\/a>: <span style=\"color: #808080;\">tu tienda de decoraci\u00f3n en Eur\u00f3polis<\/span><\/span><\/strong><\/h2>[\/et_pb_text][\/et_pb_column][\/et_pb_row][et_pb_row column_structure=\u00bb1_2,1_2&#8243; _builder_version=\u00bb4.20.4&#8243; _module_preset=\u00bbdefault\u00bb global_colors_info=\u00bb{}\u00bb custom_margin=\u00bb1px|auto||auto||\u00bb][et_pb_column type=\u00bb1_2&#8243; _builder_version=\u00bb4.20.4&#8243; _module_preset=\u00bbdefault\u00bb global_colors_info=\u00bb{}\u00bb][et_pb_text _builder_version=\u00bb4.20.4&#8243; _module_preset=\u00bbdefault\u00bb hover_enabled=\u00bb0&#8243; global_colors_info=\u00bb{}\u00bb sticky_enabled=\u00bb0&#8243;]<p style=\"text-align: justify;\"><span class=\"block mt-md\"><\/span><span class=\"\">\u00bfEst\u00e1s buscando darle un toque especial a tu hogar? \u00bfQuieres encontrar muebles y accesorios \u00fanicos que reflejen tu estilo personal? <\/span><\/p>\n<p style=\"text-align: justify;\"><span class=\"\">Entonces, no busques m\u00e1s, porque Calvo y Munar es la tienda de decoraci\u00f3n perfecta para ti.<\/span><\/p>\n<p style=\"text-align: justify;\"><span class=\"block mt-md\"><\/span><span class=\"\">En Calvo y Munar, les apasiona el dise\u00f1o de interiores y se esforzan por ofrecerte productos de alta calidad que transformar\u00e1n tu espacio en un lugar acogedor y lleno de estilo. <\/span><\/p>\n<p style=\"text-align: justify;\"><span class=\"\">Su amplia selecci\u00f3n de muebles, accesorios y elementos decorativos te permitir\u00e1 crear ambientes \u00fanicos y personalizados que reflejen tu personalidad y tus gustos.<\/span><\/p>\n<p style=\"text-align: justify;\"><span class=\"block mt-md\"><\/span><span class=\"\">\u00bfQu\u00e9 les hace diferentes? En Calvo y Munar, se enorgullecen de ofrecerte:<\/span><span><\/span><\/p>\n<p style=\"text-align: justify;\"><span class=\"\"><\/span><span class=\"\"><strong>1-<\/strong> Variedad de estilos: Ya sea que prefieras un estilo cl\u00e1sico y elegante, o un dise\u00f1o moderno y vanguardista, en su tienda encontrar\u00e1s una amplia gama de opciones para satisfacer tus necesidades y gustos.<\/span><span class=\"\"><\/span><\/p>\n<p style=\"text-align: justify;\"><span class=\"\"><\/span><span class=\"\"><strong>2-<\/strong> Calidad excepcional: Trabajan con los mejores fabricantes y proveedores para garantizar que sus productos sean duraderos, funcionales y est\u00e9ticamente atractivos. Se preocupamos por ofrecerte muebles y accesorios de alta calidad que te acompa\u00f1ar\u00e1n durante muchos a\u00f1os.<\/span><span class=\"\"><\/span><\/p>\n<p style=\"text-align: justify;\"><span class=\"\"><\/span><span class=\"\"><strong>3-<\/strong> Asesoramiento personalizado: Su equipo de expertos en decoraci\u00f3n estar\u00e1 encantado de ayudarte a encontrar los productos adecuados para tu espacio. Te brindan asesoramiento personalizado y te guiaremos en cada paso del proceso de decoraci\u00f3n.<\/span><span class=\"\"><\/span><\/p>\n<p style=\"text-align: justify;\"><span class=\"\"><\/span><span class=\"\"><strong>4-<\/strong> Precios competitivos: En Calvo y Munar, saben que la calidad no tiene por qu\u00e9 ser costosa. Por eso, se esfuerzan por ofrecerte productos de alta calidad a precios competitivos. Quieren que puedas crear el hogar de tus sue\u00f1os sin tener que gastar una fortuna.<\/span><span class=\"\"><\/span><\/p>\n<p style=\"text-align: justify;\"><span class=\"\"><\/span><span class=\"\"><strong>5-<\/strong> Experiencia de compra excepcional: Se preocupan por tu satisfacci\u00f3n y se esfuerzan por brindarte una experiencia de compra excepcional. Desde el momento en que entras en su tienda hasta que recibes tus productos en casa, se aseguran de que todo sea perfecto.<\/span><span class=\"\"><\/span><\/p>\n<p style=\"text-align: justify;\">[\/et_pb_text][\/et_pb_column][et_pb_column type=\u00bb1_2&#8243; _builder_version=\u00bb4.20.4&#8243; _module_preset=\u00bbdefault\u00bb global_colors_info=\u00bb{}\u00bb][et_pb_image src=\u00bbhttps:\/\/www.europolislasrozas.es\/actualidad\/wp-content\/uploads\/2023\/07\/CALVO-Y-MUNAR.jpg\u00bb alt=\u00bbDecoraci\u00f3n exterior\u00bb title_text=\u00bbCALVO Y MUNAR,\u00bb _builder_version=\u00bb4.20.4&#8243; _module_preset=\u00bbdefault\u00bb global_colors_info=\u00bb{}\u00bb][\/et_pb_image][\/et_pb_column][\/et_pb_row][et_pb_row _builder_version=\u00bb4.20.4&#8243; _module_preset=\u00bbdefault\u00bb][et_pb_column _builder_version=\u00bb4.20.4&#8243; _module_preset=\u00bbdefault\u00bb type=\u00bb4_4&#8243;][et_pb_text _builder_version=\u00bb4.20.4&#8243; _module_preset=\u00bbdefault\u00bb hover_enabled=\u00bb0&#8243; sticky_enabled=\u00bb0&#8243;]<h2 style=\"text-align: justify;\"><strong><span class=\"\"><a href=\"https:\/\/www.europolislasrozas.es\/tienda\/muna-nuevo-bano\" target=\"_blank\" rel=\"noopener\">Nuevo ba\u00f1o.<\/a> <span style=\"color: #808080;\">\u00a1Mejora tu hogar antes de volver a la rutina!<\/span><\/span><\/strong><\/h2>[\/et_pb_text][\/et_pb_column][\/et_pb_row][et_pb_row column_structure=\u00bb2_3,1_3&#8243; _builder_version=\u00bb4.20.4&#8243; _module_preset=\u00bbdefault\u00bb global_colors_info=\u00bb{}\u00bb custom_margin=\u00bb0px|auto||auto||\u00bb][et_pb_column type=\u00bb2_3&#8243; _builder_version=\u00bb4.20.4&#8243; _module_preset=\u00bbdefault\u00bb global_colors_info=\u00bb{}\u00bb][et_pb_image src=\u00bbhttps:\/\/www.europolislasrozas.es\/actualidad\/wp-content\/uploads\/2023\/07\/NUEVO-BANO.jpeg\u00bb alt=\u00bbDecoraci\u00f3n exterior\u00bb title_text=\u00bbNUEVO BAN\u0303O.\u00bb _builder_version=\u00bb4.20.4&#8243; _module_preset=\u00bbdefault\u00bb global_colors_info=\u00bb{}\u00bb][\/et_pb_image][\/et_pb_column][et_pb_column type=\u00bb1_3&#8243; _builder_version=\u00bb4.20.4&#8243; _module_preset=\u00bbdefault\u00bb global_colors_info=\u00bb{}\u00bb][et_pb_text _builder_version=\u00bb4.20.4&#8243; _module_preset=\u00bbdefault\u00bb hover_enabled=\u00bb0&#8243; global_colors_info=\u00bb{}\u00bb sticky_enabled=\u00bb0&#8243;]<p style=\"text-align: justify;\"><span class=\"block mt-md\"><\/span><span class=\"\">\u00a0\u00a1Nuevo Ba\u00f1o, nueva vida! Tienes que conocer <a href=\"https:\/\/www.europolislasrozas.es\/tienda\/muna-nuevo-bano\" target=\"_blank\" rel=\"noopener\">NUEVO BA\u00d1O<\/a>, porque el ba\u00f1o es uno de los espacios m\u00e1s importantes de nuestra casa. Es el lugar donde nos preparamos para enfrentar el d\u00eda, donde nos relajamos despu\u00e9s de una jornada agotadora y donde encontramos un momento de intimidad y tranquilidad. Por eso, es fundamental que este espacio refleje nuestra personalidad y estilo. <\/span><span class=\"block mt-md\"><\/span><span class=\"\">En este sentido, te presentamos algunas ideas para renovar tu ba\u00f1o principal y convertirlo en un oasis de bienestar:<\/span><span><\/span><\/p>\n<p><span class=\"\"><\/span><span class=\"\"><strong>1-<\/strong> Estilo naturalista: La tendencia naturalista est\u00e1 en auge y es perfecta para crear un ambiente relajante y acogedor en tu ba\u00f1o. Utiliza materiales naturales como la madera, la piedra y el mimbre, y comb\u00ednalos con tonos neutros y suaves. Adem\u00e1s, puedes incorporar plantas y elementos decorativos inspirados en la naturaleza para darle un toque fresco y org\u00e1nico.<\/span><\/p>\n<p><span class=\"\"><\/span><span class=\"\"><\/span><span class=\"\"><strong>2-<\/strong> Colores vibrantes: Si quieres darle un toque de energ\u00eda y vitalidad a tu ba\u00f1o, atr\u00e9vete a jugar con colores vibrantes. Opta por azulejos o pinturas en tonos intensos como el verde esmeralda, el azul turquesa o el amarillo mostaza. Estos colores le dar\u00e1n vida a tu ba\u00f1o y lo convertir\u00e1n en un espacio lleno de personalidad<span class=\"whitespace-nowrap\"><a target=\"_blank\" rel=\"noopener noreferrer\" class=\"citation ml-xs inline\" href=\"https:\/\/homyplan.com\/blog\/ideas-reforma-bano-principal\/\"><\/a><\/span><\/span><\/p>\n<div class=\"inline-flex relative -top-[0.3rem] light font-sans text-base text-textOff dark:text-textOffDark selection:bg-super selection:text-white dark:selection:bg-opacity-50 selection:bg-opacity-70\">\n<div class=\"inline-flex h-[1rem] min-w-[1rem] px-[0.2em] rounded-full items-center justify-center text-center font-semibold md:hover:text-white tabular-nums border-borderMain\/60 dark:border-borderMainDark\/60 divide-borderMain dark:divide-borderMainDark ring-borderMain dark:ring-borderMainDark  transition duration-300 bg-offsetPlus dark:bg-offsetPlusDark md:hover:bg-super\"><strong>3-<\/strong> Detalles elegantes: Los detalles marcan la diferencia en la decoraci\u00f3n de cualquier espacio, y el ba\u00f1o no es una excepci\u00f3n. Incorpora elementos elegantes y sofisticados como grifos y accesorios en acabados dorados o plateados. Adem\u00e1s, no olvides a\u00f1adir espejos grandes y bien iluminados para dar sensaci\u00f3n de amplitud y luminosidad<\/div>\n<\/div>\n<div class=\"inline-flex relative -top-[0.3rem] light font-sans text-base text-textOff dark:text-textOffDark selection:bg-super selection:text-white dark:selection:bg-opacity-50 selection:bg-opacity-70\">\n<div class=\"inline-flex h-[1rem] min-w-[1rem] px-[0.2em] rounded-full items-center justify-center text-center font-semibold md:hover:text-white tabular-nums border-borderMain\/60 dark:border-borderMainDark\/60 divide-borderMain dark:divide-borderMainDark ring-borderMain dark:ring-borderMainDark  transition duration-300 bg-offsetPlus dark:bg-offsetPlusDark md:hover:bg-super\"><\/div>\n<\/div>\n<div class=\"inline-flex relative -top-[0.3rem] light font-sans text-base text-textOff dark:text-textOffDark selection:bg-super selection:text-white dark:selection:bg-opacity-50 selection:bg-opacity-70\">\n<div class=\"inline-flex h-[1rem] min-w-[1rem] px-[0.2em] rounded-full items-center justify-center text-center font-semibold md:hover:text-white tabular-nums border-borderMain\/60 dark:border-borderMainDark\/60 divide-borderMain dark:divide-borderMainDark ring-borderMain dark:ring-borderMainDark  transition duration-300 bg-offsetPlus dark:bg-offsetPlusDark md:hover:bg-super\"><\/div>\n<\/div>[\/et_pb_text][\/et_pb_column][\/et_pb_row][et_pb_row column_structure=\u00bb1_4,3_4&#8243; _builder_version=\u00bb4.20.4&#8243; _module_preset=\u00bbdefault\u00bb global_colors_info=\u00bb{}\u00bb][et_pb_column type=\u00bb1_4&#8243; _builder_version=\u00bb4.20.4&#8243; _module_preset=\u00bbdefault\u00bb global_colors_info=\u00bb{}\u00bb][et_pb_text _builder_version=\u00bb4.20.4&#8243; _module_preset=\u00bbdefault\u00bb global_colors_info=\u00bb{}\u00bb]<div class=\"inline-flex relative -top-[0.3rem] light font-sans text-base text-textOff dark:text-textOffDark selection:bg-super selection:text-white dark:selection:bg-opacity-50 selection:bg-opacity-70\">\n<div class=\"inline-flex h-[1rem] min-w-[1rem] px-[0.2em] rounded-full items-center justify-center text-center font-semibold md:hover:text-white tabular-nums border-borderMain\/60 dark:border-borderMainDark\/60 divide-borderMain dark:divide-borderMainDark ring-borderMain dark:ring-borderMainDark  transition duration-300 bg-offsetPlus dark:bg-offsetPlusDark md:hover:bg-super\" style=\"text-align: justify;\"><strong>4-<\/strong> Almacenamiento inteligente: El orden y la organizaci\u00f3n son clave en cualquier ba\u00f1o. Aprovecha al m\u00e1ximo el espacio disponible y elige muebles y accesorios que te permitan tener todo en su lugar. Opta por estanter\u00edas flotantes, cestas de almacenamiento y muebles con compartimentos ocultos para mantener tu ba\u00f1o ordenado y libre de desorden<\/div>\n<\/div>\n<div class=\"inline-flex relative -top-[0.3rem] light font-sans text-base text-textOff dark:text-textOffDark selection:bg-super selection:text-white dark:selection:bg-opacity-50 selection:bg-opacity-70\" style=\"text-align: justify;\">\n<div class=\"inline-flex h-[1rem] min-w-[1rem] px-[0.2em] rounded-full items-center justify-center text-center font-semibold md:hover:text-white tabular-nums border-borderMain\/60 dark:border-borderMainDark\/60 divide-borderMain dark:divide-borderMainDark ring-borderMain dark:ring-borderMainDark  transition duration-300 bg-offsetPlus dark:bg-offsetPlusDark md:hover:bg-super\"><\/div>\n<div class=\"inline-flex h-[1rem] min-w-[1rem] px-[0.2em] rounded-full items-center justify-center text-center font-semibold md:hover:text-white tabular-nums border-borderMain\/60 dark:border-borderMainDark\/60 divide-borderMain dark:divide-borderMainDark ring-borderMain dark:ring-borderMainDark  transition duration-300 bg-offsetPlus dark:bg-offsetPlusDark md:hover:bg-super\"><strong>5-<\/strong> Iluminaci\u00f3n adecuada: La iluminaci\u00f3n es fundamental en cualquier espacio, y el ba\u00f1o no es una excepci\u00f3n. Aseg\u00farate de contar con una iluminaci\u00f3n adecuada que te permita realizar tus rutinas diarias sin problemas. Combina luces c\u00e1lidas y fr\u00edas para crear diferentes ambientes y utiliza apliques y l\u00e1mparas colgantes para darle un toque de estilo<\/div>\n<\/div>\n<div class=\"inline-flex relative -top-[0.3rem] light font-sans text-base text-textOff dark:text-textOffDark selection:bg-super selection:text-white dark:selection:bg-opacity-50 selection:bg-opacity-70\">\n<div class=\"inline-flex h-[1rem] min-w-[1rem] px-[0.2em] rounded-full items-center justify-center text-center font-semibold md:hover:text-white tabular-nums border-borderMain\/60 dark:border-borderMainDark\/60 divide-borderMain dark:divide-borderMainDark ring-borderMain dark:ring-borderMainDark  transition duration-300 bg-offsetPlus dark:bg-offsetPlusDark md:hover:bg-super\" style=\"text-align: justify;\"><span class=\"\"><\/span><\/div>\n<div class=\"inline-flex h-[1rem] min-w-[1rem] px-[0.2em] rounded-full items-center justify-center text-center font-semibold md:hover:text-white tabular-nums border-borderMain\/60 dark:border-borderMainDark\/60 divide-borderMain dark:divide-borderMainDark ring-borderMain dark:ring-borderMainDark  transition duration-300 bg-offsetPlus dark:bg-offsetPlusDark md:hover:bg-super\" style=\"text-align: justify;\"><span class=\"\"><strong>6-<\/strong> En resumen, renovar tu ba\u00f1o principal puede ser la clave para comenzar la rutina con energ\u00eda y estilo. No hace falta hacer grandes reformas, con peque\u00f1os cambios y detalles puedes transformar por completo este espacio tan importante de tu hogar.<\/span><\/div>\n<div class=\"inline-flex h-[1rem] min-w-[1rem] px-[0.2em] rounded-full items-center justify-center text-center font-semibold md:hover:text-white tabular-nums border-borderMain\/60 dark:border-borderMainDark\/60 divide-borderMain dark:divide-borderMainDark ring-borderMain dark:ring-borderMainDark  transition duration-300 bg-offsetPlus dark:bg-offsetPlusDark md:hover:bg-super\" style=\"text-align: justify;\"><span class=\"\"><\/span><\/div>\n<div class=\"inline-flex h-[1rem] min-w-[1rem] px-[0.2em] rounded-full items-center justify-center text-center font-semibold md:hover:text-white tabular-nums border-borderMain\/60 dark:border-borderMainDark\/60 divide-borderMain dark:divide-borderMainDark ring-borderMain dark:ring-borderMainDark  transition duration-300 bg-offsetPlus dark:bg-offsetPlusDark md:hover:bg-super\" style=\"text-align: justify;\"><span class=\"\"> \u00a1An\u00edmate a darle un nuevo aire a tu ba\u00f1o y disfruta de un ambiente renovado y acogedor!<\/span><span class=\"block mt-md\"><\/span><span class=\"\">Recuerda que en Karanne, expertos en decoraci\u00f3n y dise\u00f1o de interiores, encontrar\u00e1s todo lo que necesitas para hacer de tu ba\u00f1o un lugar \u00fanico y especial. \u00a1Vis\u00edtanos y descubre nuestras propuestas para renovar tu hogar!<\/span><\/div>\n<\/div>[\/et_pb_text][\/et_pb_column][et_pb_column type=\u00bb3_4&#8243; _builder_version=\u00bb4.20.4&#8243; _module_preset=\u00bbdefault\u00bb global_colors_info=\u00bb{}\u00bb][et_pb_image src=\u00bbhttps:\/\/www.europolislasrozas.es\/actualidad\/wp-content\/uploads\/2023\/07\/NUEVO-BANO.2.jpeg\u00bb alt=\u00bbDecoraci\u00f3n exterior\u00bb title_text=\u00bbNUEVO BAN\u0303O.2&#8243; _builder_version=\u00bb4.20.4&#8243; _module_preset=\u00bbdefault\u00bb global_colors_info=\u00bb{}\u00bb][\/et_pb_image][\/et_pb_column][\/et_pb_row][et_pb_row _builder_version=\u00bb4.20.4&#8243; _module_preset=\u00bbdefault\u00bb][et_pb_column _builder_version=\u00bb4.20.4&#8243; _module_preset=\u00bbdefault\u00bb type=\u00bb4_4&#8243;][et_pb_text _builder_version=\u00bb4.20.4&#8243; _module_preset=\u00bbdefault\u00bb hover_enabled=\u00bb0&#8243; sticky_enabled=\u00bb0&#8243;]<h2><strong>Espacios en madera: <span style=\"color: #808080;\">la tendencia naturalista <span style=\"color: #808080;\">que est\u00e1 arrasando en decoraci\u00f3n de exteriores<\/span><\/span><\/strong><\/h2>[\/et_pb_text][\/et_pb_column][\/et_pb_row][et_pb_row column_structure=\u00bb1_2,1_2&#8243; _builder_version=\u00bb4.20.4&#8243; _module_preset=\u00bbdefault\u00bb global_colors_info=\u00bb{}\u00bb custom_margin=\u00bb1px|auto||auto||\u00bb][et_pb_column type=\u00bb1_2&#8243; _builder_version=\u00bb4.20.4&#8243; _module_preset=\u00bbdefault\u00bb global_colors_info=\u00bb{}\u00bb][et_pb_image src=\u00bbhttps:\/\/www.europolislasrozas.es\/actualidad\/wp-content\/uploads\/2023\/07\/ESPACIOS-EN-MADERA-scaled.jpg\u00bb alt=\u00bbDecoraci\u00f3n exterior\u00bb title_text=\u00bbESPACIOS EN MADERA\u00bb _builder_version=\u00bb4.20.4&#8243; _module_preset=\u00bbdefault\u00bb global_colors_info=\u00bb{}\u00bb][\/et_pb_image][\/et_pb_column][et_pb_column type=\u00bb1_2&#8243; _builder_version=\u00bb4.20.4&#8243; _module_preset=\u00bbdefault\u00bb global_colors_info=\u00bb{}\u00bb][et_pb_text _builder_version=\u00bb4.20.4&#8243; _module_preset=\u00bbdefault\u00bb hover_enabled=\u00bb0&#8243; global_colors_info=\u00bb{}\u00bb sticky_enabled=\u00bb0&#8243;]<p style=\"text-align: justify;\"><span style=\"font-size: 17px;\">Proyectos integrales de interiorismo a medida y soluciones con mobiliario de dise\u00f1o de madera en Madrid<\/span><\/p>\n<p style=\"text-align: justify;\"><span>Creadores de espacios desde 1969, en nuestro showroom de Las Rozas, conocer\u00e1 elementos \u00fanicos en puertas de interior, armarios y vestidores, suelos, fabricados a medida o marcas de dise\u00f1o internacional (Kahrs, Caccaro, Ferrero Legno, Olivari\u2026) Somos un espacio dedicado a ofrecer soluciones t\u00e9cnicas, decorativas y funcionales en madera y con estudio propio especializado en proyectos de interiorismo \u00fanicos.<\/span><\/p>\n<p style=\"text-align: justify;\"><span>Creadores de espacios desde 1969, con\u00f3celos y descubre elementos de arquitectura interior en madera: puertas de interior singulares, preciosos armarios y vestidores, suelos labrados a mano, materiales de marcas de dise\u00f1o de renombre nacional e internacional combinados con piezas realizadas en taller.<\/span><\/p>[\/et_pb_text][\/et_pb_column][\/et_pb_row][et_pb_row column_structure=\u00bb1_2,1_2&#8243; _builder_version=\u00bb4.20.4&#8243; _module_preset=\u00bbdefault\u00bb global_colors_info=\u00bb{}\u00bb][et_pb_column type=\u00bb1_2&#8243; _builder_version=\u00bb4.20.4&#8243; _module_preset=\u00bbdefault\u00bb global_colors_info=\u00bb{}\u00bb][et_pb_text _builder_version=\u00bb4.20.4&#8243; _module_preset=\u00bbdefault\u00bb hover_enabled=\u00bb0&#8243; global_colors_info=\u00bb{}\u00bb sticky_enabled=\u00bb0&#8243;]<p style=\"text-align: justify;\"><span>Maestros de la carpinter\u00eda en madera que cuidaran de cada detalle, queremos ayudarle con nuestras soluciones t\u00e9cnicas, decorativas y funcionales para hacer de su casa el hogar de tus sue\u00f1os.<\/span><\/p>\n<p style=\"text-align: justify;\">Proyectos personalizados con elementos de calidad y dise\u00f1o para su suelo, paredes, techo, puertas, escaleras, y en cada estancia la respuesta que necesita para el almacenaje de d\u00eda y de noche, dormitorios, cocina, ba\u00f1os, hall , office, sal\u00f3n, comedor, biblioteca.<\/p>\n<div class=\"elementor-element elementor-element-d85dbba elementor-widget elementor-widget-text-editor\" data-id=\"d85dbba\" data-element_type=\"widget\" data-widget_type=\"text-editor.default\">\n<div class=\"elementor-widget-container\">\n<div class=\"elementor-text-editor elementor-clearfix\">\n<p style=\"text-align: justify;\">Detalles que har\u00e1n de tu casa un espacio \u00fanico, funcional, donde se refleje tu personalidad y puedas disfrutarlo junto a tu familia y amigos.<\/p>\n<p style=\"text-align: justify;\"><span class=\"\">La madera es un material sostenible y renovable que se integra perfectamente en el entorno natural. <\/span><\/p>\n<p style=\"text-align: justify;\"><span class=\"\">Con <a href=\"https:\/\/www.europolislasrozas.es\/tienda\/espacios-en-madera\" target=\"_blank\" rel=\"noopener\">ESPACIOS EN MADERA<\/a>, puedes estar seguro de que est\u00e1s invirtiendo en un producto de alta calidad que durar\u00e1 muchos a\u00f1os.\u00a0<\/span><\/p>\n<\/div>\n<\/div>\n<\/div>[\/et_pb_text][\/et_pb_column][et_pb_column type=\u00bb1_2&#8243; _builder_version=\u00bb4.20.4&#8243; _module_preset=\u00bbdefault\u00bb global_colors_info=\u00bb{}\u00bb][et_pb_image src=\u00bbhttps:\/\/www.europolislasrozas.es\/actualidad\/wp-content\/uploads\/2023\/07\/espacioa-madre2.jpg\u00bb alt=\u00bbDecoraci\u00f3n exterior\u00bb title_text=\u00bbespacioa madre2&#8243; _builder_version=\u00bb4.20.4&#8243; _module_preset=\u00bbdefault\u00bb global_colors_info=\u00bb{}\u00bb][\/et_pb_image][\/et_pb_column][\/et_pb_row][et_pb_row _builder_version=\u00bb4.20.4&#8243; _module_preset=\u00bbdefault\u00bb][et_pb_column _builder_version=\u00bb4.20.4&#8243; _module_preset=\u00bbdefault\u00bb type=\u00bb4_4&#8243;][et_pb_text _builder_version=\u00bb4.20.4&#8243; _module_preset=\u00bbdefault\u00bb hover_enabled=\u00bb0&#8243; sticky_enabled=\u00bb0&#8243;]<h2><strong><span class=\"\">Proyecto Ba\u00f1o: <span style=\"color: #808080;\">una transformaci\u00f3n placentera para tu espacio personal<\/span><\/span><\/strong><\/h2>[\/et_pb_text][\/et_pb_column][\/et_pb_row][et_pb_row column_structure=\u00bb1_2,1_2&#8243; _builder_version=\u00bb4.20.4&#8243; _module_preset=\u00bbdefault\u00bb global_colors_info=\u00bb{}\u00bb custom_margin=\u00bb4px|auto||auto||\u00bb][et_pb_column type=\u00bb1_2&#8243; _builder_version=\u00bb4.20.4&#8243; _module_preset=\u00bbdefault\u00bb global_colors_info=\u00bb{}\u00bb][et_pb_image src=\u00bbhttps:\/\/www.europolislasrozas.es\/actualidad\/wp-content\/uploads\/2023\/07\/NUEVO-BANO-1.jpeg\u00bb alt=\u00bbDecoraci\u00f3n exterior\u00bb title_text=\u00bbNUEVO BAN\u0303O.\u00bb _builder_version=\u00bb4.20.4&#8243; _module_preset=\u00bbdefault\u00bb global_colors_info=\u00bb{}\u00bb][\/et_pb_image][\/et_pb_column][et_pb_column type=\u00bb1_2&#8243; _builder_version=\u00bb4.20.4&#8243; _module_preset=\u00bbdefault\u00bb global_colors_info=\u00bb{}\u00bb][et_pb_text _builder_version=\u00bb4.20.4&#8243; _module_preset=\u00bbdefault\u00bb hover_enabled=\u00bb0&#8243; global_colors_info=\u00bb{}\u00bb sticky_enabled=\u00bb0&#8243;]<p style=\"text-align: justify;\"><span class=\"\">En el agitado ritmo de vida actual, encontrar momentos de tranquilidad y bienestar se vuelve cada vez m\u00e1s importante. Y qu\u00e9 mejor lugar para desconectar y cuidarse que el ba\u00f1o, ese espacio \u00edntimo donde podemos dedicarnos tiempo a nosotros mismos. Te recomendamos que conozcas <a href=\"https:\/\/www.europolislasrozas.es\/tienda\/proyecto-bano\" target=\"_blank\" rel=\"noopener\">PROYECTO BA\u00d1O<\/a>, una propuesta que te ayudar\u00e1 a transformar tu ba\u00f1o en un refugio de relajaci\u00f3n y confort.<\/span><span><\/span><\/p>\n<p style=\"text-align: justify;\"><span class=\"\"><\/span><span class=\"\"><strong>1.<\/strong> Dise\u00f1o personalizado: Con Proyecto Ba\u00f1o, podr\u00e1s crear un dise\u00f1o a medida que se adapte a tus gustos y necesidades. Desde la distribuci\u00f3n de los elementos hasta la elecci\u00f3n de los materiales y colores, cada detalle ser\u00e1 pensado para reflejar tu estilo personal y crear un ambiente armonioso.<\/span><span class=\"\"><\/span><\/p>\n<p style=\"text-align: justify;\"><span class=\"\"><\/span><span class=\"\"><strong>2.<\/strong> Tecnolog\u00eda y funcionalidad: El Proyecto Ba\u00f1o incorpora las \u00faltimas tendencias en tecnolog\u00eda y funcionalidad para hacer de tu ba\u00f1o un espacio pr\u00e1ctico y c\u00f3modo. Desde grifos inteligentes hasta sistemas de iluminaci\u00f3n regulable, cada elemento estar\u00e1 pensado para facilitar tu rutina diaria y brindarte una experiencia \u00fanica.<\/span><span class=\"\"><\/span><\/p>\n<p style=\"text-align: justify;\"><span class=\"\"><\/span><span class=\"\"><strong>3.<\/strong> Relax y bienestar: \u00bfQu\u00e9 tal disfrutar de un ba\u00f1o relajante al final del d\u00eda? Con Proyecto Ba\u00f1o, podr\u00e1s incorporar elementos como ba\u00f1eras de hidromasaje, duchas con efecto lluvia y sistemas de aromaterapia para crear un ambiente de spa en tu propio hogar. \u00a1Rel\u00e1jate y d\u00e9jate llevar por la tranquilidad!<\/span><span class=\"\"><\/span><\/p>\n<p style=\"text-align: justify;\">[\/et_pb_text][\/et_pb_column][\/et_pb_row][et_pb_row _builder_version=\u00bb4.20.4&#8243; _module_preset=\u00bbdefault\u00bb][et_pb_column _builder_version=\u00bb4.20.4&#8243; _module_preset=\u00bbdefault\u00bb type=\u00bb4_4&#8243;][et_pb_text _builder_version=\u00bb4.20.4&#8243; _module_preset=\u00bbdefault\u00bb hover_enabled=\u00bb0&#8243; sticky_enabled=\u00bb0&#8243;]<p style=\"text-align: justify;\"><span class=\"\"><strong>4.<\/strong> Espacios de almacenamiento: El orden y la organizaci\u00f3n son clave en un ba\u00f1o funcional. Con el Proyecto Ba\u00f1o, podr\u00e1s aprovechar al m\u00e1ximo el espacio disponible con soluciones de almacenamiento inteligentes, como armarios empotrados, estanter\u00edas modulares y muebles a medida. Mant\u00e9n todo en su lugar y disfruta de un ba\u00f1o despejado y libre de desorden.<\/span><span class=\"\"><\/span><\/p>\n<p style=\"text-align: justify;\"><span class=\"\">Transforma tu ba\u00f1o en un oasis de bienestar. Podr\u00e1s crear un espacio personalizado que refleje tu estilo de vida y te brinde momentos de relajaci\u00f3n y confort. \u00a1Descubre todas las posibilidades y empieza a disfrutar de tu nuevo ba\u00f1o hoy mismo!<\/span><\/p>[\/et_pb_text][\/et_pb_column][\/et_pb_row][et_pb_row _builder_version=\u00bb4.20.4&#8243; _module_preset=\u00bbdefault\u00bb][et_pb_column _builder_version=\u00bb4.20.4&#8243; _module_preset=\u00bbdefault\u00bb type=\u00bb4_4&#8243;][et_pb_text _builder_version=\u00bb4.20.4&#8243; _module_preset=\u00bbdefault\u00bb hover_enabled=\u00bb0&#8243; sticky_enabled=\u00bb0&#8243;]<h2><strong><span class=\"\">Nolte Home Studio:<span style=\"color: #808080;\"> la esencia de la elegancia y la calidad en tu cocina.<\/span><\/span><\/strong><\/h2>[\/et_pb_text][\/et_pb_column][\/et_pb_row][et_pb_row column_structure=\u00bb1_2,1_2&#8243; _builder_version=\u00bb4.20.4&#8243; _module_preset=\u00bbdefault\u00bb global_colors_info=\u00bb{}\u00bb custom_margin=\u00bb3px|auto|3px|auto|true|\u00bb custom_padding=\u00bb35px|||||\u00bb min_height=\u00bb565.5px\u00bb][et_pb_column type=\u00bb1_2&#8243; _builder_version=\u00bb4.20.4&#8243; _module_preset=\u00bbdefault\u00bb global_colors_info=\u00bb{}\u00bb][et_pb_text _builder_version=\u00bb4.20.4&#8243; _module_preset=\u00bbdefault\u00bb hover_enabled=\u00bb0&#8243; global_colors_info=\u00bb{}\u00bb sticky_enabled=\u00bb0&#8243;]<p style=\"text-align: justify;\"><span class=\"block mt-md\"><\/span><span class=\"\">En busca de la cocina perfecta que combine dise\u00f1o, funcionalidad y calidad, llega <a href=\"https:\/\/www.europolislasrozas.es\/tienda\/nolte-home-studio\" target=\"_blank\" rel=\"noopener\">Nolte Home Studio.<\/a> Si est\u00e1s pensando en renovar tu cocina, este es el lugar ideal para encontrar las mejores cocinas alemanas de dise\u00f1o y gran calidad a precios verdaderamente competitivos.<\/span><span><\/span><\/p>\n<p style=\"text-align: justify;\"><span class=\"\"><\/span><span class=\"\"><strong>1.<\/strong> Dise\u00f1o alem\u00e1n de vanguardia: Nolte Home Studio se destaca por ofrecer cocinas con un dise\u00f1o vanguardista y elegante. Cada detalle est\u00e1 cuidadosamente pensado para crear espacios funcionales y est\u00e9ticamente atractivos. Desde los materiales de alta calidad hasta los acabados impecables, cada cocina Nolte es una obra de arte en s\u00ed misma.<\/span><span class=\"\"><\/span><\/p>\n<p><span class=\"\"><\/span><span class=\"\"><strong>2.<\/strong> Personalizaci\u00f3n a medida: en Nolte Home Studio, entienden que cada cliente es \u00fanico y tiene sus propias necesidades y gustos. Por eso, ofrecen un servicio de personalizaci\u00f3n a medida, donde podr\u00e1s elegir entre una amplia gama de opciones de dise\u00f1o, colores y acabados para crear la cocina de tus sue\u00f1os.<\/span><span class=\"\"><\/span><\/p>\n<p style=\"text-align: justify;\"><span class=\"\"><\/span><span class=\"\"><strong>3.<\/strong> Calidad y durabilidad: Las cocinas de Nolte se caracterizan por su calidad excepcional y durabilidad. Utilizando materiales de primera calidad y tecnolog\u00eda de vanguardia, estas cocinas est\u00e1n dise\u00f1adas para resistir el paso del tiempo y el uso diario, garantizando que disfrutes de tu cocina durante muchos a\u00f1os.<\/span><span class=\"\"><\/span><\/p>\n<p style=\"text-align: justify;\">[\/et_pb_text][\/et_pb_column][et_pb_column type=\u00bb1_2&#8243; _builder_version=\u00bb4.20.4&#8243; _module_preset=\u00bbdefault\u00bb global_colors_info=\u00bb{}\u00bb][et_pb_image src=\u00bbhttps:\/\/www.europolislasrozas.es\/actualidad\/wp-content\/uploads\/2023\/07\/NOLTE-HOME-STUDIO2.jpg\u00bb alt=\u00bbdecoraci\u00f3n exteriores\u00bb title_text=\u00bbNOLTE HOME STUDIO\u00bb _builder_version=\u00bb4.20.4&#8243; _module_preset=\u00bbdefault\u00bb global_colors_info=\u00bb{}\u00bb][\/et_pb_image][\/et_pb_column][\/et_pb_row][et_pb_row _builder_version=\u00bb4.20.4&#8243; _module_preset=\u00bbdefault\u00bb custom_margin=\u00bb|auto|49px|auto||\u00bb][et_pb_column _builder_version=\u00bb4.20.4&#8243; _module_preset=\u00bbdefault\u00bb type=\u00bb4_4&#8243;][et_pb_text _builder_version=\u00bb4.20.4&#8243; _module_preset=\u00bbdefault\u00bb hover_enabled=\u00bb0&#8243; sticky_enabled=\u00bb0&#8243; custom_margin=\u00bb-62px|||||\u00bb]<p style=\"text-align: justify;\"><span class=\"\"><strong>4.<\/strong> Funcionalidad inteligente: Nolte Home Studio se preocupa por hacer tu vida m\u00e1s f\u00e1cil en la cocina. Sus dise\u00f1os inteligentes incluyen soluciones innovadoras de almacenamiento, sistemas de iluminaci\u00f3n eficientes y electrodom\u00e9sticos de \u00faltima generaci\u00f3n, todo pensado para optimizar el espacio y facilitar tus tareas diarias.<\/span><span class=\"\"><\/span><\/p>\n<p style=\"text-align: justify;\"><span class=\"\"><\/span><span class=\"\"><strong>5.<\/strong> Compromiso con el medio ambiente: Nolte Home Studio se preocupa por el medio ambiente y se esfuerza por ofrecer productos sostenibles. Utilizan materiales respetuosos con el medio ambiente y se adhieren a pr\u00e1cticas de producci\u00f3n responsables, contribuyendo as\u00ed a la preservaci\u00f3n del planeta.<\/span><span class=\"\"><\/span><\/p>\n<p style=\"text-align: justify;\"><span class=\"\">No esperes m\u00e1s para darle un toque de elegancia y funcionalidad a tu cocina. Visita Nolte Home Studio en Eur\u00f3polis y descubre la excelencia en dise\u00f1o y calidad que te ofrecen. \u00a1Tu cocina nunca volver\u00e1 a ser la misma!<\/span><\/p>[\/et_pb_text][\/et_pb_column][\/et_pb_row][\/et_pb_section]\n\n\n\n","protected":false},"excerpt":{"rendered":"<p>Salir de casa sin salir de casa, disfrutando de tu jard\u00edn, terraza o piscina. Un espacio al aire libre esculpiendo una prolongaci\u00f3n de tu hogar totalmente personalizada. Tu casa habla de ti y t\u00fa hablar\u00e1s de tu casa, porque es diferente, no deja indiferente.<\/p>\n","protected":false},"author":3,"featured_media":1108,"comment_status":"closed","ping_status":"closed","sticky":false,"template":"","format":"standard","meta":{"_et_pb_use_builder":"on","_et_pb_old_content":"","_et_gb_content_width":"","footnotes":""},"categories":[4],"tags":[15,29,17,30],"class_list":["post-1112","post","type-post","status-publish","format-standard","has-post-thumbnail","hentry","category-actualidad","tag-decoracion","tag-decoracion-exterior","tag-piscinas","tag-terrazas"],"yoast_head":"<!-- This site is optimized with the Yoast SEO plugin v27.5 - https:\/\/yoast.com\/product\/yoast-seo-wordpress\/ -->\n<title>SALIR DE CASA SIN SALIR DE CASA - europolislasrozas<\/title>\n<meta name=\"robots\" content=\"index, follow, max-snippet:-1, max-image-preview:large, max-video-preview:-1\" \/>\n<link rel=\"canonical\" href=\"https:\/\/www.europolislasrozas.es\/actualidad\/salir-de-casa-sin-salir-de-casa\/\" \/>\n<meta property=\"og:locale\" content=\"es_ES\" \/>\n<meta property=\"og:type\" content=\"article\" \/>\n<meta property=\"og:title\" content=\"SALIR DE CASA SIN SALIR DE CASA - europolislasrozas\" \/>\n<meta property=\"og:description\" content=\"Salir de casa sin salir de casa, disfrutando de tu jard\u00edn, terraza o piscina. Un espacio al aire libre esculpiendo una prolongaci\u00f3n de tu hogar totalmente personalizada. Tu casa habla de ti y t\u00fa hablar\u00e1s de tu casa, porque es diferente, no deja indiferente.\" \/>\n<meta property=\"og:url\" content=\"https:\/\/www.europolislasrozas.es\/actualidad\/salir-de-casa-sin-salir-de-casa\/\" \/>\n<meta property=\"og:site_name\" content=\"europolislasrozas\" \/>\n<meta property=\"article:published_time\" content=\"2023-07-29T00:14:18+00:00\" \/>\n<meta property=\"article:modified_time\" content=\"2023-08-01T08:26:43+00:00\" \/>\n<meta property=\"og:image\" content=\"https:\/\/www.europolislasrozas.es\/actualidad\/wp-content\/uploads\/2023\/07\/exteriores.jpg\" \/>\n\t<meta property=\"og:image:width\" content=\"900\" \/>\n\t<meta property=\"og:image:height\" content=\"1200\" \/>\n\t<meta property=\"og:image:type\" content=\"image\/jpeg\" \/>\n<meta name=\"author\" content=\"Eur\u00f3polis Las Rozas\" \/>\n<meta name=\"twitter:card\" content=\"summary_large_image\" \/>\n<meta name=\"twitter:creator\" content=\"@desarrollo@soluciones.si\" \/>\n<meta name=\"twitter:label1\" content=\"Escrito por\" \/>\n\t<meta name=\"twitter:data1\" content=\"Eur\u00f3polis Las Rozas\" \/>\n\t<meta name=\"twitter:label2\" content=\"Tiempo de lectura\" \/>\n\t<meta name=\"twitter:data2\" content=\"17 minutos\" \/>\n<script type=\"application\/ld+json\" class=\"yoast-schema-graph\">{\"@context\":\"https:\\\/\\\/schema.org\",\"@graph\":[{\"@type\":\"Article\",\"@id\":\"https:\\\/\\\/www.europolislasrozas.es\\\/actualidad\\\/salir-de-casa-sin-salir-de-casa\\\/#article\",\"isPartOf\":{\"@id\":\"https:\\\/\\\/www.europolislasrozas.es\\\/actualidad\\\/salir-de-casa-sin-salir-de-casa\\\/\"},\"author\":{\"name\":\"Eur\u00f3polis Las Rozas\",\"@id\":\"https:\\\/\\\/www.europolislasrozas.es\\\/actualidad\\\/#\\\/schema\\\/person\\\/24b44959f7880275e8672329dd60c4fa\"},\"headline\":\"SALIR DE CASA SIN SALIR DE CASA\",\"datePublished\":\"2023-07-29T00:14:18+00:00\",\"dateModified\":\"2023-08-01T08:26:43+00:00\",\"mainEntityOfPage\":{\"@id\":\"https:\\\/\\\/www.europolislasrozas.es\\\/actualidad\\\/salir-de-casa-sin-salir-de-casa\\\/\"},\"wordCount\":5510,\"publisher\":{\"@id\":\"https:\\\/\\\/www.europolislasrozas.es\\\/actualidad\\\/#organization\"},\"image\":{\"@id\":\"https:\\\/\\\/www.europolislasrozas.es\\\/actualidad\\\/salir-de-casa-sin-salir-de-casa\\\/#primaryimage\"},\"thumbnailUrl\":\"https:\\\/\\\/www.europolislasrozas.es\\\/actualidad\\\/wp-content\\\/uploads\\\/2023\\\/07\\\/exteriores.jpg\",\"keywords\":[\"Decoraci\u00f3n\",\"decoraci\u00f3n exterior\",\"Piscinas\",\"terrazas\"],\"articleSection\":[\"Actualidad\"],\"inLanguage\":\"es\"},{\"@type\":\"WebPage\",\"@id\":\"https:\\\/\\\/www.europolislasrozas.es\\\/actualidad\\\/salir-de-casa-sin-salir-de-casa\\\/\",\"url\":\"https:\\\/\\\/www.europolislasrozas.es\\\/actualidad\\\/salir-de-casa-sin-salir-de-casa\\\/\",\"name\":\"SALIR DE CASA SIN SALIR DE CASA - europolislasrozas\",\"isPartOf\":{\"@id\":\"https:\\\/\\\/www.europolislasrozas.es\\\/actualidad\\\/#website\"},\"primaryImageOfPage\":{\"@id\":\"https:\\\/\\\/www.europolislasrozas.es\\\/actualidad\\\/salir-de-casa-sin-salir-de-casa\\\/#primaryimage\"},\"image\":{\"@id\":\"https:\\\/\\\/www.europolislasrozas.es\\\/actualidad\\\/salir-de-casa-sin-salir-de-casa\\\/#primaryimage\"},\"thumbnailUrl\":\"https:\\\/\\\/www.europolislasrozas.es\\\/actualidad\\\/wp-content\\\/uploads\\\/2023\\\/07\\\/exteriores.jpg\",\"datePublished\":\"2023-07-29T00:14:18+00:00\",\"dateModified\":\"2023-08-01T08:26:43+00:00\",\"breadcrumb\":{\"@id\":\"https:\\\/\\\/www.europolislasrozas.es\\\/actualidad\\\/salir-de-casa-sin-salir-de-casa\\\/#breadcrumb\"},\"inLanguage\":\"es\",\"potentialAction\":[{\"@type\":\"ReadAction\",\"target\":[\"https:\\\/\\\/www.europolislasrozas.es\\\/actualidad\\\/salir-de-casa-sin-salir-de-casa\\\/\"]}]},{\"@type\":\"ImageObject\",\"inLanguage\":\"es\",\"@id\":\"https:\\\/\\\/www.europolislasrozas.es\\\/actualidad\\\/salir-de-casa-sin-salir-de-casa\\\/#primaryimage\",\"url\":\"https:\\\/\\\/www.europolislasrozas.es\\\/actualidad\\\/wp-content\\\/uploads\\\/2023\\\/07\\\/exteriores.jpg\",\"contentUrl\":\"https:\\\/\\\/www.europolislasrozas.es\\\/actualidad\\\/wp-content\\\/uploads\\\/2023\\\/07\\\/exteriores.jpg\",\"width\":900,\"height\":1200,\"caption\":\"Decoraci\u00f3n exterior\"},{\"@type\":\"BreadcrumbList\",\"@id\":\"https:\\\/\\\/www.europolislasrozas.es\\\/actualidad\\\/salir-de-casa-sin-salir-de-casa\\\/#breadcrumb\",\"itemListElement\":[{\"@type\":\"ListItem\",\"position\":1,\"name\":\"Portada\",\"item\":\"https:\\\/\\\/www.europolislasrozas.es\\\/actualidad\\\/\"},{\"@type\":\"ListItem\",\"position\":2,\"name\":\"SALIR DE CASA SIN SALIR DE CASA\"}]},{\"@type\":\"WebSite\",\"@id\":\"https:\\\/\\\/www.europolislasrozas.es\\\/actualidad\\\/#website\",\"url\":\"https:\\\/\\\/www.europolislasrozas.es\\\/actualidad\\\/\",\"name\":\"europolislasrozas\",\"description\":\"Decoraci\u00f3n Integral Muebles de dise\u00f1o en las Rozas Decoracion de habitaciones infantiles Ba\u00f1os y cocinas de dise\u00f1o en Madrid\",\"publisher\":{\"@id\":\"https:\\\/\\\/www.europolislasrozas.es\\\/actualidad\\\/#organization\"},\"potentialAction\":[{\"@type\":\"SearchAction\",\"target\":{\"@type\":\"EntryPoint\",\"urlTemplate\":\"https:\\\/\\\/www.europolislasrozas.es\\\/actualidad\\\/?s={search_term_string}\"},\"query-input\":{\"@type\":\"PropertyValueSpecification\",\"valueRequired\":true,\"valueName\":\"search_term_string\"}}],\"inLanguage\":\"es\"},{\"@type\":\"Organization\",\"@id\":\"https:\\\/\\\/www.europolislasrozas.es\\\/actualidad\\\/#organization\",\"name\":\"europolislasrozas\",\"url\":\"https:\\\/\\\/www.europolislasrozas.es\\\/actualidad\\\/\",\"logo\":{\"@type\":\"ImageObject\",\"inLanguage\":\"es\",\"@id\":\"https:\\\/\\\/www.europolislasrozas.es\\\/actualidad\\\/#\\\/schema\\\/logo\\\/image\\\/\",\"url\":\"https:\\\/\\\/www.europolislasrozas.es\\\/actualidad\\\/wp-content\\\/uploads\\\/2021\\\/06\\\/logo-europolis-2020-275.jpg\",\"contentUrl\":\"https:\\\/\\\/www.europolislasrozas.es\\\/actualidad\\\/wp-content\\\/uploads\\\/2021\\\/06\\\/logo-europolis-2020-275.jpg\",\"width\":275,\"height\":127,\"caption\":\"europolislasrozas\"},\"image\":{\"@id\":\"https:\\\/\\\/www.europolislasrozas.es\\\/actualidad\\\/#\\\/schema\\\/logo\\\/image\\\/\"}},{\"@type\":\"Person\",\"@id\":\"https:\\\/\\\/www.europolislasrozas.es\\\/actualidad\\\/#\\\/schema\\\/person\\\/24b44959f7880275e8672329dd60c4fa\",\"name\":\"Eur\u00f3polis Las Rozas\",\"image\":{\"@type\":\"ImageObject\",\"inLanguage\":\"es\",\"@id\":\"https:\\\/\\\/secure.gravatar.com\\\/avatar\\\/8ea0d31fedf331eb9cdfdcf5b23cbbaf33b9bdd6d0bc191cca7b9edc27598447?s=96&d=mm&r=g\",\"url\":\"https:\\\/\\\/secure.gravatar.com\\\/avatar\\\/8ea0d31fedf331eb9cdfdcf5b23cbbaf33b9bdd6d0bc191cca7b9edc27598447?s=96&d=mm&r=g\",\"contentUrl\":\"https:\\\/\\\/secure.gravatar.com\\\/avatar\\\/8ea0d31fedf331eb9cdfdcf5b23cbbaf33b9bdd6d0bc191cca7b9edc27598447?s=96&d=mm&r=g\",\"caption\":\"Eur\u00f3polis Las Rozas\"},\"sameAs\":[\"https:\\\/\\\/x.com\\\/desarrollo@soluciones.si\"],\"url\":\"https:\\\/\\\/www.europolislasrozas.es\\\/actualidad\\\/author\\\/andres\\\/\"}]}<\/script>\n<!-- \/ Yoast SEO plugin. -->","yoast_head_json":{"title":"SALIR DE CASA SIN SALIR DE CASA - europolislasrozas","robots":{"index":"index","follow":"follow","max-snippet":"max-snippet:-1","max-image-preview":"max-image-preview:large","max-video-preview":"max-video-preview:-1"},"canonical":"https:\/\/www.europolislasrozas.es\/actualidad\/salir-de-casa-sin-salir-de-casa\/","og_locale":"es_ES","og_type":"article","og_title":"SALIR DE CASA SIN SALIR DE CASA - europolislasrozas","og_description":"Salir de casa sin salir de casa, disfrutando de tu jard\u00edn, terraza o piscina. Un espacio al aire libre esculpiendo una prolongaci\u00f3n de tu hogar totalmente personalizada. Tu casa habla de ti y t\u00fa hablar\u00e1s de tu casa, porque es diferente, no deja indiferente.","og_url":"https:\/\/www.europolislasrozas.es\/actualidad\/salir-de-casa-sin-salir-de-casa\/","og_site_name":"europolislasrozas","article_published_time":"2023-07-29T00:14:18+00:00","article_modified_time":"2023-08-01T08:26:43+00:00","og_image":[{"width":900,"height":1200,"url":"https:\/\/www.europolislasrozas.es\/actualidad\/wp-content\/uploads\/2023\/07\/exteriores.jpg","type":"image\/jpeg"}],"author":"Eur\u00f3polis Las Rozas","twitter_card":"summary_large_image","twitter_creator":"@desarrollo@soluciones.si","twitter_misc":{"Escrito por":"Eur\u00f3polis Las Rozas","Tiempo de lectura":"17 minutos"},"schema":{"@context":"https:\/\/schema.org","@graph":[{"@type":"Article","@id":"https:\/\/www.europolislasrozas.es\/actualidad\/salir-de-casa-sin-salir-de-casa\/#article","isPartOf":{"@id":"https:\/\/www.europolislasrozas.es\/actualidad\/salir-de-casa-sin-salir-de-casa\/"},"author":{"name":"Eur\u00f3polis Las Rozas","@id":"https:\/\/www.europolislasrozas.es\/actualidad\/#\/schema\/person\/24b44959f7880275e8672329dd60c4fa"},"headline":"SALIR DE CASA SIN SALIR DE CASA","datePublished":"2023-07-29T00:14:18+00:00","dateModified":"2023-08-01T08:26:43+00:00","mainEntityOfPage":{"@id":"https:\/\/www.europolislasrozas.es\/actualidad\/salir-de-casa-sin-salir-de-casa\/"},"wordCount":5510,"publisher":{"@id":"https:\/\/www.europolislasrozas.es\/actualidad\/#organization"},"image":{"@id":"https:\/\/www.europolislasrozas.es\/actualidad\/salir-de-casa-sin-salir-de-casa\/#primaryimage"},"thumbnailUrl":"https:\/\/www.europolislasrozas.es\/actualidad\/wp-content\/uploads\/2023\/07\/exteriores.jpg","keywords":["Decoraci\u00f3n","decoraci\u00f3n exterior","Piscinas","terrazas"],"articleSection":["Actualidad"],"inLanguage":"es"},{"@type":"WebPage","@id":"https:\/\/www.europolislasrozas.es\/actualidad\/salir-de-casa-sin-salir-de-casa\/","url":"https:\/\/www.europolislasrozas.es\/actualidad\/salir-de-casa-sin-salir-de-casa\/","name":"SALIR DE CASA SIN SALIR DE CASA - europolislasrozas","isPartOf":{"@id":"https:\/\/www.europolislasrozas.es\/actualidad\/#website"},"primaryImageOfPage":{"@id":"https:\/\/www.europolislasrozas.es\/actualidad\/salir-de-casa-sin-salir-de-casa\/#primaryimage"},"image":{"@id":"https:\/\/www.europolislasrozas.es\/actualidad\/salir-de-casa-sin-salir-de-casa\/#primaryimage"},"thumbnailUrl":"https:\/\/www.europolislasrozas.es\/actualidad\/wp-content\/uploads\/2023\/07\/exteriores.jpg","datePublished":"2023-07-29T00:14:18+00:00","dateModified":"2023-08-01T08:26:43+00:00","breadcrumb":{"@id":"https:\/\/www.europolislasrozas.es\/actualidad\/salir-de-casa-sin-salir-de-casa\/#breadcrumb"},"inLanguage":"es","potentialAction":[{"@type":"ReadAction","target":["https:\/\/www.europolislasrozas.es\/actualidad\/salir-de-casa-sin-salir-de-casa\/"]}]},{"@type":"ImageObject","inLanguage":"es","@id":"https:\/\/www.europolislasrozas.es\/actualidad\/salir-de-casa-sin-salir-de-casa\/#primaryimage","url":"https:\/\/www.europolislasrozas.es\/actualidad\/wp-content\/uploads\/2023\/07\/exteriores.jpg","contentUrl":"https:\/\/www.europolislasrozas.es\/actualidad\/wp-content\/uploads\/2023\/07\/exteriores.jpg","width":900,"height":1200,"caption":"Decoraci\u00f3n exterior"},{"@type":"BreadcrumbList","@id":"https:\/\/www.europolislasrozas.es\/actualidad\/salir-de-casa-sin-salir-de-casa\/#breadcrumb","itemListElement":[{"@type":"ListItem","position":1,"name":"Portada","item":"https:\/\/www.europolislasrozas.es\/actualidad\/"},{"@type":"ListItem","position":2,"name":"SALIR DE CASA SIN SALIR DE CASA"}]},{"@type":"WebSite","@id":"https:\/\/www.europolislasrozas.es\/actualidad\/#website","url":"https:\/\/www.europolislasrozas.es\/actualidad\/","name":"europolislasrozas","description":"Decoraci\u00f3n Integral Muebles de dise\u00f1o en las Rozas Decoracion de habitaciones infantiles Ba\u00f1os y cocinas de dise\u00f1o en Madrid","publisher":{"@id":"https:\/\/www.europolislasrozas.es\/actualidad\/#organization"},"potentialAction":[{"@type":"SearchAction","target":{"@type":"EntryPoint","urlTemplate":"https:\/\/www.europolislasrozas.es\/actualidad\/?s={search_term_string}"},"query-input":{"@type":"PropertyValueSpecification","valueRequired":true,"valueName":"search_term_string"}}],"inLanguage":"es"},{"@type":"Organization","@id":"https:\/\/www.europolislasrozas.es\/actualidad\/#organization","name":"europolislasrozas","url":"https:\/\/www.europolislasrozas.es\/actualidad\/","logo":{"@type":"ImageObject","inLanguage":"es","@id":"https:\/\/www.europolislasrozas.es\/actualidad\/#\/schema\/logo\/image\/","url":"https:\/\/www.europolislasrozas.es\/actualidad\/wp-content\/uploads\/2021\/06\/logo-europolis-2020-275.jpg","contentUrl":"https:\/\/www.europolislasrozas.es\/actualidad\/wp-content\/uploads\/2021\/06\/logo-europolis-2020-275.jpg","width":275,"height":127,"caption":"europolislasrozas"},"image":{"@id":"https:\/\/www.europolislasrozas.es\/actualidad\/#\/schema\/logo\/image\/"}},{"@type":"Person","@id":"https:\/\/www.europolislasrozas.es\/actualidad\/#\/schema\/person\/24b44959f7880275e8672329dd60c4fa","name":"Eur\u00f3polis Las Rozas","image":{"@type":"ImageObject","inLanguage":"es","@id":"https:\/\/secure.gravatar.com\/avatar\/8ea0d31fedf331eb9cdfdcf5b23cbbaf33b9bdd6d0bc191cca7b9edc27598447?s=96&d=mm&r=g","url":"https:\/\/secure.gravatar.com\/avatar\/8ea0d31fedf331eb9cdfdcf5b23cbbaf33b9bdd6d0bc191cca7b9edc27598447?s=96&d=mm&r=g","contentUrl":"https:\/\/secure.gravatar.com\/avatar\/8ea0d31fedf331eb9cdfdcf5b23cbbaf33b9bdd6d0bc191cca7b9edc27598447?s=96&d=mm&r=g","caption":"Eur\u00f3polis Las Rozas"},"sameAs":["https:\/\/x.com\/desarrollo@soluciones.si"],"url":"https:\/\/www.europolislasrozas.es\/actualidad\/author\/andres\/"}]}},"_links":{"self":[{"href":"https:\/\/www.europolislasrozas.es\/actualidad\/wp-json\/wp\/v2\/posts\/1112","targetHints":{"allow":["GET"]}}],"collection":[{"href":"https:\/\/www.europolislasrozas.es\/actualidad\/wp-json\/wp\/v2\/posts"}],"about":[{"href":"https:\/\/www.europolislasrozas.es\/actualidad\/wp-json\/wp\/v2\/types\/post"}],"author":[{"embeddable":true,"href":"https:\/\/www.europolislasrozas.es\/actualidad\/wp-json\/wp\/v2\/users\/3"}],"replies":[{"embeddable":true,"href":"https:\/\/www.europolislasrozas.es\/actualidad\/wp-json\/wp\/v2\/comments?post=1112"}],"version-history":[{"count":30,"href":"https:\/\/www.europolislasrozas.es\/actualidad\/wp-json\/wp\/v2\/posts\/1112\/revisions"}],"predecessor-version":[{"id":1171,"href":"https:\/\/www.europolislasrozas.es\/actualidad\/wp-json\/wp\/v2\/posts\/1112\/revisions\/1171"}],"wp:featuredmedia":[{"embeddable":true,"href":"https:\/\/www.europolislasrozas.es\/actualidad\/wp-json\/wp\/v2\/media\/1108"}],"wp:attachment":[{"href":"https:\/\/www.europolislasrozas.es\/actualidad\/wp-json\/wp\/v2\/media?parent=1112"}],"wp:term":[{"taxonomy":"category","embeddable":true,"href":"https:\/\/www.europolislasrozas.es\/actualidad\/wp-json\/wp\/v2\/categories?post=1112"},{"taxonomy":"post_tag","embeddable":true,"href":"https:\/\/www.europolislasrozas.es\/actualidad\/wp-json\/wp\/v2\/tags?post=1112"}],"curies":[{"name":"wp","href":"https:\/\/api.w.org\/{rel}","templated":true}]}}