{"id":1428,"date":"2026-01-20T13:29:05","date_gmt":"2026-01-20T13:29:05","guid":{"rendered":"https:\/\/www.europolislasrozas.es\/actualidad\/?p=1428"},"modified":"2026-01-20T13:41:30","modified_gmt":"2026-01-20T13:41:30","slug":"tendencias-en-decoracion-2026-naturaleza-tecnologia-y-emocion","status":"publish","type":"post","link":"https:\/\/www.europolislasrozas.es\/actualidad\/tendencias-en-decoracion-2026-naturaleza-tecnologia-y-emocion\/","title":{"rendered":"TENDENCIAS EN DECORACI\u00d3N 2026: Naturaleza, tecnolog\u00eda y emoci\u00f3n"},"content":{"rendered":"<p>[et_pb_section fb_built=\u00bb1&#8243; _builder_version=\u00bb4.27.4&#8243; _module_preset=\u00bbdefault\u00bb top_divider_style=\u00bbwaves2&#8243; top_divider_color=\u00bbrgba(222,230,247,0.67)\u00bb bottom_divider_style=\u00bbwaves2&#8243; bottom_divider_color=\u00bbrgba(222,230,247,0.67)\u00bb global_colors_info=\u00bb{}\u00bb][et_pb_row _builder_version=\u00bb4.27.4&#8243; _module_preset=\u00bbdefault\u00bb global_colors_info=\u00bb{}\u00bb][et_pb_column type=\u00bb4_4&#8243; _builder_version=\u00bb4.27.4&#8243; _module_preset=\u00bbdefault\u00bb global_colors_info=\u00bb{}\u00bb][et_pb_text _builder_version=\u00bb4.27.4&#8243; _module_preset=\u00bbdefault\u00bb hover_enabled=\u00bb0&#8243; global_colors_info=\u00bb{}\u00bb sticky_enabled=\u00bb0&#8243;]<\/p>\n<p>2026 llega con una energ\u00eda transformadora en el mundo de la decoraci\u00f3n. Los espacios \u2014tanto interiores como exteriores\u2014 se reinventan a trav\u00e9s de materiales naturales, tecnolog\u00eda invisible<\/p>\n<p>y un dise\u00f1o emocional que busca reconectar<br \/>a las personas con su entorno.<\/p>\n<p>En\u00a0Eur\u00f3polis\u00a0, epicentro europeo de las \u00faltimas tendencias, estas corrientes se reflejan en cada rinc\u00f3n del hogar y del jard\u00edn moderno.<\/p>\n<p>&nbsp;<\/p>\n<p><strong>1. Minimalismo c\u00e1lido:<\/strong>\u00a0<\/p>\n<p>el nuevo lujo cotidiano. El minimalismo fr\u00edo da paso al minimalismo c\u00e1lido , una fusi\u00f3n entre l\u00edneas puras y texturas naturales. Predominan los tonos tierra, el lino lavado, la madera sin tratar y la piedra natural.<\/p>\n<p>La clave est\u00e1 en crear espacios aut\u00e9nticos,<br \/>donde cada objeto tiene un prop\u00f3sito emocional m\u00e1s que est\u00e9tico. Los sof\u00e1s modulares en tejidos org\u00e1nicos y las paredes matizadas con cal o arcilla se consolidan como protagonistas.<\/p>\n<p>[\/et_pb_text][\/et_pb_column][\/et_pb_row][et_pb_row column_structure=\u00bb1_2,1_2&#8243; _builder_version=\u00bb4.27.4&#8243; _module_preset=\u00bbdefault\u00bb width=\u00bb58%\u00bb global_colors_info=\u00bb{}\u00bb][et_pb_column type=\u00bb1_2&#8243; _builder_version=\u00bb4.27.4&#8243; _module_preset=\u00bbdefault\u00bb global_colors_info=\u00bb{}\u00bb][et_pb_image src=\u00bbhttps:\/\/www.europolislasrozas.es\/actualidad\/wp-content\/uploads\/2026\/01\/News-2.jpg\u00bb alt=\u00bbtendencias 2026&#8243; title_text=\u00bbtendencias 2026&#8243; _builder_version=\u00bb4.27.4&#8243; _module_preset=\u00bbdefault\u00bb global_colors_info=\u00bb{}\u00bb][\/et_pb_image][\/et_pb_column][et_pb_column type=\u00bb1_2&#8243; _builder_version=\u00bb4.27.4&#8243; _module_preset=\u00bbdefault\u00bb global_colors_info=\u00bb{}\u00bb][et_pb_image src=\u00bbhttps:\/\/www.europolislasrozas.es\/actualidad\/wp-content\/uploads\/2026\/01\/News1.jpg\u00bb alt=\u00bbtendencias 2026&#8243; title_text=\u00bbtendencias 2026&#8243; _builder_version=\u00bb4.27.4&#8243; _module_preset=\u00bbdefault\u00bb global_colors_info=\u00bb{}\u00bb][\/et_pb_image][\/et_pb_column][\/et_pb_row][et_pb_row _builder_version=\u00bb4.27.4&#8243; _module_preset=\u00bbdefault\u00bb global_colors_info=\u00bb{}\u00bb][et_pb_column type=\u00bb4_4&#8243; _builder_version=\u00bb4.27.4&#8243; _module_preset=\u00bbdefault\u00bb global_colors_info=\u00bb{}\u00bb][et_pb_text _builder_version=\u00bb4.27.4&#8243; _module_preset=\u00bbdefault\u00bb hover_enabled=\u00bb0&#8243; global_colors_info=\u00bb{}\u00bb sticky_enabled=\u00bb0&#8243;]<\/p>\n<p><strong>2. Conexi\u00f3n bioclim\u00e1tica y jardines sensoriales<\/strong><\/p>\n<p>La frontera entre interior y exterior se diluye gracias a\u00a0estructuras bioclim\u00e1ticas, p\u00e9rgolas inteligentes y jardines sensoriales\u00a0.<\/p>\n<p>En exteriores, el foco est\u00e1 en el bienestar: vegetaci\u00f3n que estimula los sentidos, sistemas de riego sostenibles y mobiliario<br \/>que combina dise\u00f1o italiano con funcionalidad escandinava.<\/p>\n<p>Se buscan terrazas que evocan calma, con fuentes de agua, iluminaci\u00f3n solar tenue y materiales reciclados.<\/p>\n<p><strong>3. Tecnolog\u00eda invisible y hogares inteligentes<\/strong><\/p>\n<p>La innovaci\u00f3n se \u201cesconde\u201d para no romper la armon\u00eda visual. 2026 consolida el auge de la\u00a0tecnolog\u00eda invisible\u00a0: iluminaci\u00f3n adaptativa, climatizaci\u00f3n integrada en paredes y mobiliario con carga inal\u00e1mbrica oculta.<\/p>\n<p>Los hogares inteligentes ya no se ven, se sienten. Los cuadros ac\u00fasticos, los textiles con sensores t\u00e9rmicos o los espejos interactivos son solo algunas de las joyas tecnol\u00f3gicas que combinan est\u00e9tica y eficiencia.<\/p>\n<p><strong>4. El arte vuelve al centro del hogar<\/strong><br \/>La personalizaci\u00f3n vuelve con fuerza. Las casas se llenan de\u00a0arte local, piezas \u00fanicas y colecciones emocionales\u00a0.<br \/>Las paredes se visten con obras de artistas emergentes, cer\u00e1micas artesanales o murales hechos a mano que cuentan historias.<\/p>\n<p>En Eur\u00f3polis, la palabra clave es\u00a0identidad:\u00a0cada espacio refleja el alma de quien lo habita.<\/p>\n<p><strong>5. Color del a\u00f1o: los verdes minerales y el azul \u201cdeep ocean\u201d<\/strong><br \/>La paleta 2026 se inspira en los elementos naturales: verdes con matices minerales, arenas suaves, y el\u00a0azul profundo oce\u00e1nico\u00a0, s\u00edmbolo de introspecci\u00f3n y calma. Estos tonos se combinan con metalizados suaves \u2014<\/p>\n<p>como el lat\u00f3n cepillado o el cobre mate<br \/>\u2014 para aportar sofisticaci\u00f3n sin saturar.<\/p>\n<p><strong>6. Muebles que se transforman<\/strong><br \/>En un mundo donde los metros cuadrados se optimizan, triunfan los\u00a0muebles transformables\u00a0: mesas que cambian de altura, sof\u00e1s que se convierten en camas ocultas y cocinas modulares que se adaptan a distintos<\/p>\n<p>momentos del d\u00eda.<br \/>La funcionalidad se vuelve arte.<\/p>\n<p><strong>7. Artesan\u00eda contempor\u00e1nea y sostenibilidad emocional<\/strong><br \/>Ya no basta con reciclar; Hay que\u00a0sentir el proceso\u00a0.<\/p>\n<p>Los nuevos consumidores buscan piezas con alma: cer\u00e1mica hecha a mano, tejidos de proximidad y materiales recuperados con historia. La tendencia \u201csostenibilidad emocional\u201d pone el foco<br \/>en la conexi\u00f3n entre el objeto, su creador y su nuevo hogar.<\/p>\n<p>[\/et_pb_text][\/et_pb_column][\/et_pb_row][et_pb_row _builder_version=\u00bb4.27.4&#8243; _module_preset=\u00bbdefault\u00bb global_colors_info=\u00bb{}\u00bb][et_pb_column type=\u00bb4_4&#8243; _builder_version=\u00bb4.27.4&#8243; _module_preset=\u00bbdefault\u00bb global_colors_info=\u00bb{}\u00bb][et_pb_image src=\u00bbhttps:\/\/www.europolislasrozas.es\/actualidad\/wp-content\/uploads\/2026\/01\/News3.jpg\u00bb alt=\u00bbTendencias en Decoraci\u00f3n 2026: Naturaleza, tecnolog\u00eda y emoci\u00f3n\u00bb title_text=\u00bbTendencias en Decoraci\u00f3n 2026: Naturaleza, tecnolog\u00eda y emoci\u00f3nTendencias en Decoraci\u00f3n 2026: Naturaleza, tecnolog\u00eda y emoci\u00f3n\u00bb align=\u00bbcenter\u00bb force_fullwidth=\u00bbon\u00bb _builder_version=\u00bb4.27.4&#8243; _module_preset=\u00bbdefault\u00bb global_colors_info=\u00bb{}\u00bb][\/et_pb_image][\/et_pb_column][\/et_pb_row][et_pb_row _builder_version=\u00bb4.27.4&#8243; _module_preset=\u00bbdefault\u00bb global_colors_info=\u00bb{}\u00bb][et_pb_column type=\u00bb4_4&#8243; _builder_version=\u00bb4.27.4&#8243; _module_preset=\u00bbdefault\u00bb global_colors_info=\u00bb{}\u00bb][et_pb_text _builder_version=\u00bb4.27.4&#8243; _module_preset=\u00bbdefault\u00bb global_colors_info=\u00bb{}\u00bb]En 2026, decorar es un acto consciente: una forma de cuidar el planeta y, al mismo tiempo, cuidar de uno mismo.<br \/>\nEn\u00a0Eur\u00f3polis\u00a0, la inspiraci\u00f3n se convierte en experiencia: cada tienda, cada exposici\u00f3n y cada espacio reflejan un futuro del dise\u00f1o donde la naturaleza, la tecnolog\u00eda y la emoci\u00f3n conviven en equilibrio perfecto.[\/et_pb_text][\/et_pb_column][\/et_pb_row][\/et_pb_section]<\/p>\n","protected":false},"excerpt":{"rendered":"<p>2026 llega con una energ\u00eda transformadora en el mundo de la decoraci\u00f3n. Los espacios \u2014tanto interiores como exteriores\u2014 se reinventan a trav\u00e9s de materiales naturales, tecnolog\u00eda invisible y un dise\u00f1o emocional que busca reconectar a las personas con su entorno. <\/p>\n","protected":false},"author":3,"featured_media":1429,"comment_status":"closed","ping_status":"closed","sticky":false,"template":"","format":"standard","meta":{"_et_pb_use_builder":"on","_et_pb_old_content":"","_et_gb_content_width":"","footnotes":""},"categories":[1],"tags":[15,32,46,30],"class_list":["post-1428","post","type-post","status-publish","format-standard","has-post-thumbnail","hentry","category-sin-categoria","tag-decoracion","tag-interiorismo","tag-tendencias","tag-terrazas"],"yoast_head":"<!-- This site is optimized with the Yoast SEO plugin v27.5 - https:\/\/yoast.com\/product\/yoast-seo-wordpress\/ -->\n<title>TENDENCIAS EN DECORACI\u00d3N 2026: Naturaleza, tecnolog\u00eda y emoci\u00f3n - europolislasrozas<\/title>\n<meta name=\"description\" content=\"Tendencias en decoraci\u00f3n 2026 llega con una energ\u00eda transformadora en el mundo de la decoraci\u00f3n.\" \/>\n<meta name=\"robots\" content=\"index, follow, max-snippet:-1, max-image-preview:large, max-video-preview:-1\" \/>\n<link rel=\"canonical\" href=\"https:\/\/www.europolislasrozas.es\/actualidad\/tendencias-en-decoracion-2026-naturaleza-tecnologia-y-emocion\/\" \/>\n<meta property=\"og:locale\" content=\"es_ES\" \/>\n<meta property=\"og:type\" content=\"article\" \/>\n<meta property=\"og:title\" content=\"TENDENCIAS EN DECORACI\u00d3N 2026: Naturaleza, tecnolog\u00eda y emoci\u00f3n - europolislasrozas\" \/>\n<meta property=\"og:description\" content=\"Tendencias en decoraci\u00f3n 2026 llega con una energ\u00eda transformadora en el mundo de la decoraci\u00f3n.\" \/>\n<meta property=\"og:url\" content=\"https:\/\/www.europolislasrozas.es\/actualidad\/tendencias-en-decoracion-2026-naturaleza-tecnologia-y-emocion\/\" \/>\n<meta property=\"og:site_name\" content=\"europolislasrozas\" \/>\n<meta property=\"article:published_time\" content=\"2026-01-20T13:29:05+00:00\" \/>\n<meta property=\"article:modified_time\" content=\"2026-01-20T13:41:30+00:00\" \/>\n<meta property=\"og:image\" content=\"https:\/\/www.europolislasrozas.es\/actualidad\/wp-content\/uploads\/2026\/01\/PortadaNEWS.jpg\" \/>\n\t<meta property=\"og:image:width\" content=\"784\" \/>\n\t<meta property=\"og:image:height\" content=\"1168\" \/>\n\t<meta property=\"og:image:type\" content=\"image\/jpeg\" \/>\n<meta name=\"author\" content=\"Eur\u00f3polis Las Rozas\" \/>\n<meta name=\"twitter:card\" content=\"summary_large_image\" \/>\n<meta name=\"twitter:creator\" content=\"@desarrollo@soluciones.si\" \/>\n<meta name=\"twitter:label1\" content=\"Escrito por\" \/>\n\t<meta name=\"twitter:data1\" content=\"Eur\u00f3polis Las Rozas\" \/>\n\t<meta name=\"twitter:label2\" content=\"Tiempo de lectura\" \/>\n\t<meta name=\"twitter:data2\" content=\"4 minutos\" \/>\n<script type=\"application\/ld+json\" class=\"yoast-schema-graph\">{\"@context\":\"https:\\\/\\\/schema.org\",\"@graph\":[{\"@type\":\"Article\",\"@id\":\"https:\\\/\\\/www.europolislasrozas.es\\\/actualidad\\\/tendencias-en-decoracion-2026-naturaleza-tecnologia-y-emocion\\\/#article\",\"isPartOf\":{\"@id\":\"https:\\\/\\\/www.europolislasrozas.es\\\/actualidad\\\/tendencias-en-decoracion-2026-naturaleza-tecnologia-y-emocion\\\/\"},\"author\":{\"name\":\"Eur\u00f3polis Las Rozas\",\"@id\":\"https:\\\/\\\/www.europolislasrozas.es\\\/actualidad\\\/#\\\/schema\\\/person\\\/24b44959f7880275e8672329dd60c4fa\"},\"headline\":\"TENDENCIAS EN DECORACI\u00d3N 2026: Naturaleza, tecnolog\u00eda y emoci\u00f3n\",\"datePublished\":\"2026-01-20T13:29:05+00:00\",\"dateModified\":\"2026-01-20T13:41:30+00:00\",\"mainEntityOfPage\":{\"@id\":\"https:\\\/\\\/www.europolislasrozas.es\\\/actualidad\\\/tendencias-en-decoracion-2026-naturaleza-tecnologia-y-emocion\\\/\"},\"wordCount\":957,\"publisher\":{\"@id\":\"https:\\\/\\\/www.europolislasrozas.es\\\/actualidad\\\/#organization\"},\"image\":{\"@id\":\"https:\\\/\\\/www.europolislasrozas.es\\\/actualidad\\\/tendencias-en-decoracion-2026-naturaleza-tecnologia-y-emocion\\\/#primaryimage\"},\"thumbnailUrl\":\"https:\\\/\\\/www.europolislasrozas.es\\\/actualidad\\\/wp-content\\\/uploads\\\/2026\\\/01\\\/PortadaNEWS.jpg\",\"keywords\":[\"Decoraci\u00f3n\",\"interiorismo\",\"tendencias\",\"terrazas\"],\"inLanguage\":\"es\"},{\"@type\":\"WebPage\",\"@id\":\"https:\\\/\\\/www.europolislasrozas.es\\\/actualidad\\\/tendencias-en-decoracion-2026-naturaleza-tecnologia-y-emocion\\\/\",\"url\":\"https:\\\/\\\/www.europolislasrozas.es\\\/actualidad\\\/tendencias-en-decoracion-2026-naturaleza-tecnologia-y-emocion\\\/\",\"name\":\"TENDENCIAS EN DECORACI\u00d3N 2026: Naturaleza, tecnolog\u00eda y emoci\u00f3n - europolislasrozas\",\"isPartOf\":{\"@id\":\"https:\\\/\\\/www.europolislasrozas.es\\\/actualidad\\\/#website\"},\"primaryImageOfPage\":{\"@id\":\"https:\\\/\\\/www.europolislasrozas.es\\\/actualidad\\\/tendencias-en-decoracion-2026-naturaleza-tecnologia-y-emocion\\\/#primaryimage\"},\"image\":{\"@id\":\"https:\\\/\\\/www.europolislasrozas.es\\\/actualidad\\\/tendencias-en-decoracion-2026-naturaleza-tecnologia-y-emocion\\\/#primaryimage\"},\"thumbnailUrl\":\"https:\\\/\\\/www.europolislasrozas.es\\\/actualidad\\\/wp-content\\\/uploads\\\/2026\\\/01\\\/PortadaNEWS.jpg\",\"datePublished\":\"2026-01-20T13:29:05+00:00\",\"dateModified\":\"2026-01-20T13:41:30+00:00\",\"description\":\"Tendencias en decoraci\u00f3n 2026 llega con una energ\u00eda transformadora en el mundo de la decoraci\u00f3n.\",\"breadcrumb\":{\"@id\":\"https:\\\/\\\/www.europolislasrozas.es\\\/actualidad\\\/tendencias-en-decoracion-2026-naturaleza-tecnologia-y-emocion\\\/#breadcrumb\"},\"inLanguage\":\"es\",\"potentialAction\":[{\"@type\":\"ReadAction\",\"target\":[\"https:\\\/\\\/www.europolislasrozas.es\\\/actualidad\\\/tendencias-en-decoracion-2026-naturaleza-tecnologia-y-emocion\\\/\"]}]},{\"@type\":\"ImageObject\",\"inLanguage\":\"es\",\"@id\":\"https:\\\/\\\/www.europolislasrozas.es\\\/actualidad\\\/tendencias-en-decoracion-2026-naturaleza-tecnologia-y-emocion\\\/#primaryimage\",\"url\":\"https:\\\/\\\/www.europolislasrozas.es\\\/actualidad\\\/wp-content\\\/uploads\\\/2026\\\/01\\\/PortadaNEWS.jpg\",\"contentUrl\":\"https:\\\/\\\/www.europolislasrozas.es\\\/actualidad\\\/wp-content\\\/uploads\\\/2026\\\/01\\\/PortadaNEWS.jpg\",\"width\":784,\"height\":1168,\"caption\":\"Tendencias en Decoraci\u00f3n 2026: Naturaleza, tecnolog\u00eda y emoci\u00f3n\"},{\"@type\":\"BreadcrumbList\",\"@id\":\"https:\\\/\\\/www.europolislasrozas.es\\\/actualidad\\\/tendencias-en-decoracion-2026-naturaleza-tecnologia-y-emocion\\\/#breadcrumb\",\"itemListElement\":[{\"@type\":\"ListItem\",\"position\":1,\"name\":\"Portada\",\"item\":\"https:\\\/\\\/www.europolislasrozas.es\\\/actualidad\\\/\"},{\"@type\":\"ListItem\",\"position\":2,\"name\":\"TENDENCIAS EN DECORACI\u00d3N 2026: Naturaleza, tecnolog\u00eda y emoci\u00f3n\"}]},{\"@type\":\"WebSite\",\"@id\":\"https:\\\/\\\/www.europolislasrozas.es\\\/actualidad\\\/#website\",\"url\":\"https:\\\/\\\/www.europolislasrozas.es\\\/actualidad\\\/\",\"name\":\"europolislasrozas\",\"description\":\"Decoraci\u00f3n Integral Muebles de dise\u00f1o en las Rozas Decoracion de habitaciones infantiles Ba\u00f1os y cocinas de dise\u00f1o en Madrid\",\"publisher\":{\"@id\":\"https:\\\/\\\/www.europolislasrozas.es\\\/actualidad\\\/#organization\"},\"potentialAction\":[{\"@type\":\"SearchAction\",\"target\":{\"@type\":\"EntryPoint\",\"urlTemplate\":\"https:\\\/\\\/www.europolislasrozas.es\\\/actualidad\\\/?s={search_term_string}\"},\"query-input\":{\"@type\":\"PropertyValueSpecification\",\"valueRequired\":true,\"valueName\":\"search_term_string\"}}],\"inLanguage\":\"es\"},{\"@type\":\"Organization\",\"@id\":\"https:\\\/\\\/www.europolislasrozas.es\\\/actualidad\\\/#organization\",\"name\":\"europolislasrozas\",\"url\":\"https:\\\/\\\/www.europolislasrozas.es\\\/actualidad\\\/\",\"logo\":{\"@type\":\"ImageObject\",\"inLanguage\":\"es\",\"@id\":\"https:\\\/\\\/www.europolislasrozas.es\\\/actualidad\\\/#\\\/schema\\\/logo\\\/image\\\/\",\"url\":\"https:\\\/\\\/www.europolislasrozas.es\\\/actualidad\\\/wp-content\\\/uploads\\\/2021\\\/06\\\/logo-europolis-2020-275.jpg\",\"contentUrl\":\"https:\\\/\\\/www.europolislasrozas.es\\\/actualidad\\\/wp-content\\\/uploads\\\/2021\\\/06\\\/logo-europolis-2020-275.jpg\",\"width\":275,\"height\":127,\"caption\":\"europolislasrozas\"},\"image\":{\"@id\":\"https:\\\/\\\/www.europolislasrozas.es\\\/actualidad\\\/#\\\/schema\\\/logo\\\/image\\\/\"}},{\"@type\":\"Person\",\"@id\":\"https:\\\/\\\/www.europolislasrozas.es\\\/actualidad\\\/#\\\/schema\\\/person\\\/24b44959f7880275e8672329dd60c4fa\",\"name\":\"Eur\u00f3polis Las Rozas\",\"image\":{\"@type\":\"ImageObject\",\"inLanguage\":\"es\",\"@id\":\"https:\\\/\\\/secure.gravatar.com\\\/avatar\\\/8ea0d31fedf331eb9cdfdcf5b23cbbaf33b9bdd6d0bc191cca7b9edc27598447?s=96&d=mm&r=g\",\"url\":\"https:\\\/\\\/secure.gravatar.com\\\/avatar\\\/8ea0d31fedf331eb9cdfdcf5b23cbbaf33b9bdd6d0bc191cca7b9edc27598447?s=96&d=mm&r=g\",\"contentUrl\":\"https:\\\/\\\/secure.gravatar.com\\\/avatar\\\/8ea0d31fedf331eb9cdfdcf5b23cbbaf33b9bdd6d0bc191cca7b9edc27598447?s=96&d=mm&r=g\",\"caption\":\"Eur\u00f3polis Las Rozas\"},\"sameAs\":[\"https:\\\/\\\/x.com\\\/desarrollo@soluciones.si\"],\"url\":\"https:\\\/\\\/www.europolislasrozas.es\\\/actualidad\\\/author\\\/andres\\\/\"}]}<\/script>\n<!-- \/ Yoast SEO plugin. -->","yoast_head_json":{"title":"TENDENCIAS EN DECORACI\u00d3N 2026: Naturaleza, tecnolog\u00eda y emoci\u00f3n - europolislasrozas","description":"Tendencias en decoraci\u00f3n 2026 llega con una energ\u00eda transformadora en el mundo de la decoraci\u00f3n.","robots":{"index":"index","follow":"follow","max-snippet":"max-snippet:-1","max-image-preview":"max-image-preview:large","max-video-preview":"max-video-preview:-1"},"canonical":"https:\/\/www.europolislasrozas.es\/actualidad\/tendencias-en-decoracion-2026-naturaleza-tecnologia-y-emocion\/","og_locale":"es_ES","og_type":"article","og_title":"TENDENCIAS EN DECORACI\u00d3N 2026: Naturaleza, tecnolog\u00eda y emoci\u00f3n - europolislasrozas","og_description":"Tendencias en decoraci\u00f3n 2026 llega con una energ\u00eda transformadora en el mundo de la decoraci\u00f3n.","og_url":"https:\/\/www.europolislasrozas.es\/actualidad\/tendencias-en-decoracion-2026-naturaleza-tecnologia-y-emocion\/","og_site_name":"europolislasrozas","article_published_time":"2026-01-20T13:29:05+00:00","article_modified_time":"2026-01-20T13:41:30+00:00","og_image":[{"width":784,"height":1168,"url":"https:\/\/www.europolislasrozas.es\/actualidad\/wp-content\/uploads\/2026\/01\/PortadaNEWS.jpg","type":"image\/jpeg"}],"author":"Eur\u00f3polis Las Rozas","twitter_card":"summary_large_image","twitter_creator":"@desarrollo@soluciones.si","twitter_misc":{"Escrito por":"Eur\u00f3polis Las Rozas","Tiempo de lectura":"4 minutos"},"schema":{"@context":"https:\/\/schema.org","@graph":[{"@type":"Article","@id":"https:\/\/www.europolislasrozas.es\/actualidad\/tendencias-en-decoracion-2026-naturaleza-tecnologia-y-emocion\/#article","isPartOf":{"@id":"https:\/\/www.europolislasrozas.es\/actualidad\/tendencias-en-decoracion-2026-naturaleza-tecnologia-y-emocion\/"},"author":{"name":"Eur\u00f3polis Las Rozas","@id":"https:\/\/www.europolislasrozas.es\/actualidad\/#\/schema\/person\/24b44959f7880275e8672329dd60c4fa"},"headline":"TENDENCIAS EN DECORACI\u00d3N 2026: Naturaleza, tecnolog\u00eda y emoci\u00f3n","datePublished":"2026-01-20T13:29:05+00:00","dateModified":"2026-01-20T13:41:30+00:00","mainEntityOfPage":{"@id":"https:\/\/www.europolislasrozas.es\/actualidad\/tendencias-en-decoracion-2026-naturaleza-tecnologia-y-emocion\/"},"wordCount":957,"publisher":{"@id":"https:\/\/www.europolislasrozas.es\/actualidad\/#organization"},"image":{"@id":"https:\/\/www.europolislasrozas.es\/actualidad\/tendencias-en-decoracion-2026-naturaleza-tecnologia-y-emocion\/#primaryimage"},"thumbnailUrl":"https:\/\/www.europolislasrozas.es\/actualidad\/wp-content\/uploads\/2026\/01\/PortadaNEWS.jpg","keywords":["Decoraci\u00f3n","interiorismo","tendencias","terrazas"],"inLanguage":"es"},{"@type":"WebPage","@id":"https:\/\/www.europolislasrozas.es\/actualidad\/tendencias-en-decoracion-2026-naturaleza-tecnologia-y-emocion\/","url":"https:\/\/www.europolislasrozas.es\/actualidad\/tendencias-en-decoracion-2026-naturaleza-tecnologia-y-emocion\/","name":"TENDENCIAS EN DECORACI\u00d3N 2026: Naturaleza, tecnolog\u00eda y emoci\u00f3n - europolislasrozas","isPartOf":{"@id":"https:\/\/www.europolislasrozas.es\/actualidad\/#website"},"primaryImageOfPage":{"@id":"https:\/\/www.europolislasrozas.es\/actualidad\/tendencias-en-decoracion-2026-naturaleza-tecnologia-y-emocion\/#primaryimage"},"image":{"@id":"https:\/\/www.europolislasrozas.es\/actualidad\/tendencias-en-decoracion-2026-naturaleza-tecnologia-y-emocion\/#primaryimage"},"thumbnailUrl":"https:\/\/www.europolislasrozas.es\/actualidad\/wp-content\/uploads\/2026\/01\/PortadaNEWS.jpg","datePublished":"2026-01-20T13:29:05+00:00","dateModified":"2026-01-20T13:41:30+00:00","description":"Tendencias en decoraci\u00f3n 2026 llega con una energ\u00eda transformadora en el mundo de la decoraci\u00f3n.","breadcrumb":{"@id":"https:\/\/www.europolislasrozas.es\/actualidad\/tendencias-en-decoracion-2026-naturaleza-tecnologia-y-emocion\/#breadcrumb"},"inLanguage":"es","potentialAction":[{"@type":"ReadAction","target":["https:\/\/www.europolislasrozas.es\/actualidad\/tendencias-en-decoracion-2026-naturaleza-tecnologia-y-emocion\/"]}]},{"@type":"ImageObject","inLanguage":"es","@id":"https:\/\/www.europolislasrozas.es\/actualidad\/tendencias-en-decoracion-2026-naturaleza-tecnologia-y-emocion\/#primaryimage","url":"https:\/\/www.europolislasrozas.es\/actualidad\/wp-content\/uploads\/2026\/01\/PortadaNEWS.jpg","contentUrl":"https:\/\/www.europolislasrozas.es\/actualidad\/wp-content\/uploads\/2026\/01\/PortadaNEWS.jpg","width":784,"height":1168,"caption":"Tendencias en Decoraci\u00f3n 2026: Naturaleza, tecnolog\u00eda y emoci\u00f3n"},{"@type":"BreadcrumbList","@id":"https:\/\/www.europolislasrozas.es\/actualidad\/tendencias-en-decoracion-2026-naturaleza-tecnologia-y-emocion\/#breadcrumb","itemListElement":[{"@type":"ListItem","position":1,"name":"Portada","item":"https:\/\/www.europolislasrozas.es\/actualidad\/"},{"@type":"ListItem","position":2,"name":"TENDENCIAS EN DECORACI\u00d3N 2026: Naturaleza, tecnolog\u00eda y emoci\u00f3n"}]},{"@type":"WebSite","@id":"https:\/\/www.europolislasrozas.es\/actualidad\/#website","url":"https:\/\/www.europolislasrozas.es\/actualidad\/","name":"europolislasrozas","description":"Decoraci\u00f3n Integral Muebles de dise\u00f1o en las Rozas Decoracion de habitaciones infantiles Ba\u00f1os y cocinas de dise\u00f1o en Madrid","publisher":{"@id":"https:\/\/www.europolislasrozas.es\/actualidad\/#organization"},"potentialAction":[{"@type":"SearchAction","target":{"@type":"EntryPoint","urlTemplate":"https:\/\/www.europolislasrozas.es\/actualidad\/?s={search_term_string}"},"query-input":{"@type":"PropertyValueSpecification","valueRequired":true,"valueName":"search_term_string"}}],"inLanguage":"es"},{"@type":"Organization","@id":"https:\/\/www.europolislasrozas.es\/actualidad\/#organization","name":"europolislasrozas","url":"https:\/\/www.europolislasrozas.es\/actualidad\/","logo":{"@type":"ImageObject","inLanguage":"es","@id":"https:\/\/www.europolislasrozas.es\/actualidad\/#\/schema\/logo\/image\/","url":"https:\/\/www.europolislasrozas.es\/actualidad\/wp-content\/uploads\/2021\/06\/logo-europolis-2020-275.jpg","contentUrl":"https:\/\/www.europolislasrozas.es\/actualidad\/wp-content\/uploads\/2021\/06\/logo-europolis-2020-275.jpg","width":275,"height":127,"caption":"europolislasrozas"},"image":{"@id":"https:\/\/www.europolislasrozas.es\/actualidad\/#\/schema\/logo\/image\/"}},{"@type":"Person","@id":"https:\/\/www.europolislasrozas.es\/actualidad\/#\/schema\/person\/24b44959f7880275e8672329dd60c4fa","name":"Eur\u00f3polis Las Rozas","image":{"@type":"ImageObject","inLanguage":"es","@id":"https:\/\/secure.gravatar.com\/avatar\/8ea0d31fedf331eb9cdfdcf5b23cbbaf33b9bdd6d0bc191cca7b9edc27598447?s=96&d=mm&r=g","url":"https:\/\/secure.gravatar.com\/avatar\/8ea0d31fedf331eb9cdfdcf5b23cbbaf33b9bdd6d0bc191cca7b9edc27598447?s=96&d=mm&r=g","contentUrl":"https:\/\/secure.gravatar.com\/avatar\/8ea0d31fedf331eb9cdfdcf5b23cbbaf33b9bdd6d0bc191cca7b9edc27598447?s=96&d=mm&r=g","caption":"Eur\u00f3polis Las Rozas"},"sameAs":["https:\/\/x.com\/desarrollo@soluciones.si"],"url":"https:\/\/www.europolislasrozas.es\/actualidad\/author\/andres\/"}]}},"_links":{"self":[{"href":"https:\/\/www.europolislasrozas.es\/actualidad\/wp-json\/wp\/v2\/posts\/1428","targetHints":{"allow":["GET"]}}],"collection":[{"href":"https:\/\/www.europolislasrozas.es\/actualidad\/wp-json\/wp\/v2\/posts"}],"about":[{"href":"https:\/\/www.europolislasrozas.es\/actualidad\/wp-json\/wp\/v2\/types\/post"}],"author":[{"embeddable":true,"href":"https:\/\/www.europolislasrozas.es\/actualidad\/wp-json\/wp\/v2\/users\/3"}],"replies":[{"embeddable":true,"href":"https:\/\/www.europolislasrozas.es\/actualidad\/wp-json\/wp\/v2\/comments?post=1428"}],"version-history":[{"count":5,"href":"https:\/\/www.europolislasrozas.es\/actualidad\/wp-json\/wp\/v2\/posts\/1428\/revisions"}],"predecessor-version":[{"id":1438,"href":"https:\/\/www.europolislasrozas.es\/actualidad\/wp-json\/wp\/v2\/posts\/1428\/revisions\/1438"}],"wp:featuredmedia":[{"embeddable":true,"href":"https:\/\/www.europolislasrozas.es\/actualidad\/wp-json\/wp\/v2\/media\/1429"}],"wp:attachment":[{"href":"https:\/\/www.europolislasrozas.es\/actualidad\/wp-json\/wp\/v2\/media?parent=1428"}],"wp:term":[{"taxonomy":"category","embeddable":true,"href":"https:\/\/www.europolislasrozas.es\/actualidad\/wp-json\/wp\/v2\/categories?post=1428"},{"taxonomy":"post_tag","embeddable":true,"href":"https:\/\/www.europolislasrozas.es\/actualidad\/wp-json\/wp\/v2\/tags?post=1428"}],"curies":[{"name":"wp","href":"https:\/\/api.w.org\/{rel}","templated":true}]}}