{"id":951,"date":"2023-02-13T20:44:59","date_gmt":"2023-02-13T20:44:59","guid":{"rendered":"https:\/\/www.europolislasrozas.es\/actualidad\/?p=951"},"modified":"2025-02-13T15:38:07","modified_gmt":"2025-02-13T15:38:07","slug":"sofas-de-lino-tendencias-para-2024","status":"publish","type":"post","link":"https:\/\/www.europolislasrozas.es\/actualidad\/sofas-de-lino-tendencias-para-2024\/","title":{"rendered":"SOF\u00c1S DE LINO, TENDENCIAS 2024"},"content":{"rendered":"\n[et_pb_section admin_label=\u00bbsection\u00bb]\n\t\t\t[et_pb_row admin_label=\u00bbrow\u00bb]\n\t\t\t\t[et_pb_column type=\u00bb4_4&#8243;][et_pb_text admin_label=\u00bbText\u00bb]<!-- divi:paragraph -->\n<p>En The Sofa Company siempre buscamos ofrecer las \u00faltimas tendencias y&nbsp;<a href=\"https:\/\/www.thesofacompany.es\/sofas-en-madrid\/\"><strong>los mejores sof\u00e1s<\/strong><\/a>, sof\u00e1s modernos y de dise\u00f1o que dan estilo y calidez a tu hogar. Nuestro amplio cat\u00e1logo de sof\u00e1s est\u00e1 en constante renovaci\u00f3n y por ello ahora queremos presentar la incorporaci\u00f3n a nuestro cat\u00e1logo de varios modelos de sof\u00e1s de lino que nos encantan.<\/p>\n<!-- \/divi:paragraph -->\n\n<!-- divi:paragraph -->\n<p>El lino es una fibra de origen vegetal, de tacto muy agradable, transpirable y neutralizador de bacterias. Con menor desgaste al uso que otras fibras naturales ya que es muy resistente.&nbsp;<\/p>\n<!-- \/divi:paragraph -->\n\n<!-- divi:paragraph -->\n<p>Es un material de alta calidad que se procesa sin utilizar sustancias qu\u00edmicas y es respetuoso con el planeta al ser un tejido de origen natural y biodegradable. Regula la temperatura, en verano es el tejido fresco por excelencia y es un tejido muy adecuado tambi\u00e9n en invierno gracias a su capacidad de aislamiento t\u00e9rmico. Prueba a combinar tu&nbsp;<strong>sof\u00e1 de lino<\/strong>&nbsp;en invierno con unos cojines de terciopelo y una manta suave.<\/p>\n<!-- \/divi:paragraph -->\n\n<!-- divi:heading -->\n<h2><strong>Sof\u00e1 de lino Kal\u00fa<\/strong><\/h2>\n<!-- \/divi:heading -->\n\n<!-- divi:image {\"id\":952,\"sizeSlug\":\"full\",\"linkDestination\":\"none\"} -->\n<figure class=\"wp-block-image size-full\"><img fetchpriority=\"high\" fetchpriority=\"high\" decoding=\"async\" width=\"800\" height=\"597\" src=\"https:\/\/www.europolislasrozas.es\/actualidad\/wp-content\/uploads\/2023\/02\/Sofa-de-lino-kalu.jpeg\" alt=\"\" class=\"wp-image-952\" srcset=\"https:\/\/www.europolislasrozas.es\/actualidad\/wp-content\/uploads\/2023\/02\/Sofa-de-lino-kalu.jpeg 800w, https:\/\/www.europolislasrozas.es\/actualidad\/wp-content\/uploads\/2023\/02\/Sofa-de-lino-kalu-300x224.jpeg 300w, https:\/\/www.europolislasrozas.es\/actualidad\/wp-content\/uploads\/2023\/02\/Sofa-de-lino-kalu-768x573.jpeg 768w\" sizes=\"(max-width: 800px) 100vw, 800px\" \/><figcaption class=\"wp-element-caption\"><em>Sof\u00e1 Kal\u00fa 300 x 150 cm. PVP: 3.290 \u20ac promoci\u00f3n 2.960 \u20ac<\/em><\/figcaption><\/figure>\n<!-- \/divi:image -->\n\n<!-- divi:paragraph -->\n<p><\/p>\n<!-- \/divi:paragraph -->\n\n<!-- divi:heading -->\n<h2><strong>Sof\u00e1 de lino Mah\u00f3n<\/strong><\/h2>\n<!-- \/divi:heading -->\n\n<!-- divi:image {\"id\":953,\"sizeSlug\":\"full\",\"linkDestination\":\"none\"} -->\n<figure class=\"wp-block-image size-full\"><img decoding=\"async\" width=\"807\" height=\"605\" src=\"https:\/\/www.europolislasrozas.es\/actualidad\/wp-content\/uploads\/2023\/02\/sofa-de-lino-Mahon.jpeg\" alt=\"\" class=\"wp-image-953\" srcset=\"https:\/\/www.europolislasrozas.es\/actualidad\/wp-content\/uploads\/2023\/02\/sofa-de-lino-Mahon.jpeg 807w, https:\/\/www.europolislasrozas.es\/actualidad\/wp-content\/uploads\/2023\/02\/sofa-de-lino-Mahon-300x225.jpeg 300w, https:\/\/www.europolislasrozas.es\/actualidad\/wp-content\/uploads\/2023\/02\/sofa-de-lino-Mahon-768x576.jpeg 768w\" sizes=\"(max-width: 807px) 100vw, 807px\" \/><figcaption class=\"wp-element-caption\"><em>Sof\u00e1 Mah\u00f3n Promoci\u00f3n 310 x 107 cm 1.990 \u20ac<\/em><\/figcaption><\/figure>\n<!-- \/divi:image -->\n\n<!-- divi:paragraph -->\n<p>Los sof\u00e1s de lino desenfundables son muy estilosos y encajan a la perfecci\u00f3n en cualquier ambiente, desde el m\u00e1s natural hasta el m\u00e1s cl\u00e1sico. Una de las caracter\u00edsticas del lino es que tiene tendencia a arrugarse con facilidad, pero es parte de su encanto. En nuestra amplia selecci\u00f3n de fundas de sof\u00e1s de lino encontrar\u00e1s una gran variedad de estilos y composiciones para que escojas la que mejor encaja con tu estilo de vida.<\/p>\n<!-- \/divi:paragraph -->\n\n<!-- divi:heading -->\n<h2><strong>Kalima, un sof\u00e1 de lino blanco c\u00f3modo<\/strong><\/h2>\n<!-- \/divi:heading -->\n\n<!-- divi:image {\"id\":954,\"sizeSlug\":\"full\",\"linkDestination\":\"none\"} -->\n<figure class=\"wp-block-image size-full\"><img decoding=\"async\" width=\"780\" height=\"585\" src=\"https:\/\/www.europolislasrozas.es\/actualidad\/wp-content\/uploads\/2023\/02\/Sofa-de-lino-comodo.jpeg\" alt=\"\" class=\"wp-image-954\" srcset=\"https:\/\/www.europolislasrozas.es\/actualidad\/wp-content\/uploads\/2023\/02\/Sofa-de-lino-comodo.jpeg 780w, https:\/\/www.europolislasrozas.es\/actualidad\/wp-content\/uploads\/2023\/02\/Sofa-de-lino-comodo-300x225.jpeg 300w, https:\/\/www.europolislasrozas.es\/actualidad\/wp-content\/uploads\/2023\/02\/Sofa-de-lino-comodo-768x576.jpeg 768w\" sizes=\"(max-width: 780px) 100vw, 780px\" \/><figcaption class=\"wp-element-caption\"><em>of\u00e1 kalma 300 X 145 CM PVP: 3.410 \u20ac promoci\u00f3n 2.890 \u20ac<\/em><\/figcaption><\/figure>\n<!-- \/divi:image -->\n\n<!-- divi:heading -->\n<h2><strong>Sof\u00e1 de lino de tres plazas<\/strong><\/h2>\n<!-- \/divi:heading -->\n\n<!-- divi:image {\"id\":955,\"sizeSlug\":\"full\",\"linkDestination\":\"none\"} -->\n<figure class=\"wp-block-image size-full\"><img loading=\"lazy\" loading=\"lazy\" decoding=\"async\" width=\"778\" height=\"583\" src=\"https:\/\/www.europolislasrozas.es\/actualidad\/wp-content\/uploads\/2023\/02\/Sofa-de-lino-de-tres-plazas.jpeg\" alt=\"\" class=\"wp-image-955\" srcset=\"https:\/\/www.europolislasrozas.es\/actualidad\/wp-content\/uploads\/2023\/02\/Sofa-de-lino-de-tres-plazas.jpeg 778w, https:\/\/www.europolislasrozas.es\/actualidad\/wp-content\/uploads\/2023\/02\/Sofa-de-lino-de-tres-plazas-300x225.jpeg 300w, https:\/\/www.europolislasrozas.es\/actualidad\/wp-content\/uploads\/2023\/02\/Sofa-de-lino-de-tres-plazas-768x576.jpeg 768w\" sizes=\"(max-width: 778px) 100vw, 778px\" \/><figcaption class=\"wp-element-caption\"><em>Banksy 250 X 95 CM 1.690 \u20ac Rebajado: 1.490 \u20ac<\/em><\/figcaption><\/figure>\n<!-- \/divi:image -->\n\n<!-- divi:heading -->\n<h2><strong>Sof\u00e1 de lino cl\u00e1sico<\/strong><\/h2>\n<!-- \/divi:heading -->\n\n<!-- divi:image {\"id\":956,\"sizeSlug\":\"full\",\"linkDestination\":\"none\"} -->\n<figure class=\"wp-block-image size-full\"><img loading=\"lazy\" loading=\"lazy\" decoding=\"async\" width=\"769\" height=\"575\" src=\"https:\/\/www.europolislasrozas.es\/actualidad\/wp-content\/uploads\/2023\/02\/Sofa-de-lino-clasico.jpeg\" alt=\"\" class=\"wp-image-956\" srcset=\"https:\/\/www.europolislasrozas.es\/actualidad\/wp-content\/uploads\/2023\/02\/Sofa-de-lino-clasico.jpeg 769w, https:\/\/www.europolislasrozas.es\/actualidad\/wp-content\/uploads\/2023\/02\/Sofa-de-lino-clasico-300x224.jpeg 300w\" sizes=\"(max-width: 769px) 100vw, 769px\" \/><figcaption class=\"wp-element-caption\"><em>Sof\u00e1 Yakarta 300 x 100 cm pvp: 2.190 \u20ac rebajado: 1.860 \u20ac<\/em><\/figcaption><\/figure>\n<!-- \/divi:image -->\n\n<!-- divi:heading -->\n<h2><strong>Variedad de colores de fundas de lino<\/strong><\/h2>\n<!-- \/divi:heading -->\n\n<!-- divi:paragraph -->\n<p>Aunque tradicionalmente el color del lino lo asociemos a tonos blancos o beige hay una&nbsp;<strong>amplia variedad de tonalidades,<\/strong>&nbsp;los sof\u00e1s de lino de colores grises son muy elegantes a la vez que el lino le da ese toque natural e informal.<\/p>\n<!-- \/divi:paragraph -->\n\n<!-- divi:image {\"id\":957,\"sizeSlug\":\"large\",\"linkDestination\":\"none\"} -->\n<figure class=\"wp-block-image size-large\"><img loading=\"lazy\" loading=\"lazy\" decoding=\"async\" width=\"1024\" height=\"768\" src=\"https:\/\/www.europolislasrozas.es\/actualidad\/wp-content\/uploads\/2023\/02\/nuevo-1024x768.jpeg\" alt=\"Sof\u00e7as de lino\" class=\"wp-image-957\" srcset=\"https:\/\/www.europolislasrozas.es\/actualidad\/wp-content\/uploads\/2023\/02\/nuevo-1024x768.jpeg 1024w, https:\/\/www.europolislasrozas.es\/actualidad\/wp-content\/uploads\/2023\/02\/nuevo-300x225.jpeg 300w, https:\/\/www.europolislasrozas.es\/actualidad\/wp-content\/uploads\/2023\/02\/nuevo-768x576.jpeg 768w, https:\/\/www.europolislasrozas.es\/actualidad\/wp-content\/uploads\/2023\/02\/nuevo.jpeg 1280w\" sizes=\"(max-width: 1024px) 100vw, 1024px\" \/><figcaption class=\"wp-element-caption\"><em>Sof\u00e1 Ocean Promoci\u00f3n de lanzamiento: 1.890 \u20ac<\/em><\/figcaption><\/figure>\n<!-- \/divi:image -->[\/et_pb_text][\/et_pb_column]\n\t\t\t[\/et_pb_row]\n\t\t[\/et_pb_section]\n","protected":false},"excerpt":{"rendered":"<p>En The Sofa Company siempre buscamos ofrecer las \u00faltimas tendencias y los mejores sof\u00e1s, sof\u00e1s modernos y de dise\u00f1o que dan estilo y calidez a tu hogar. <\/p>\n","protected":false},"author":3,"featured_media":966,"comment_status":"closed","ping_status":"closed","sticky":false,"template":"","format":"standard","meta":{"_et_pb_use_builder":"on","_et_pb_old_content":"<!-- wp:paragraph -->\n<p>En The Sofa Company siempre buscamos ofrecer las \u00faltimas tendencias y&nbsp;<a href=\"https:\/\/www.thesofacompany.es\/sofas-en-madrid\/\"><strong>los mejores sof\u00e1s<\/strong><\/a>, sof\u00e1s modernos y de dise\u00f1o que dan estilo y calidez a tu hogar. Nuestro amplio cat\u00e1logo de sof\u00e1s est\u00e1 en constante renovaci\u00f3n y por ello ahora queremos presentar la incorporaci\u00f3n a nuestro cat\u00e1logo de varios modelos de sof\u00e1s de lino que nos encantan.<\/p>\n<!-- \/wp:paragraph -->\n\n<!-- wp:paragraph -->\n<p>El lino es una fibra de origen vegetal, de tacto muy agradable, transpirable y neutralizador de bacterias. Con menor desgaste al uso que otras fibras naturales ya que es muy resistente.&nbsp;<\/p>\n<!-- \/wp:paragraph -->\n\n<!-- wp:paragraph -->\n<p>Es un material de alta calidad que se procesa sin utilizar sustancias qu\u00edmicas y es respetuoso con el planeta al ser un tejido de origen natural y biodegradable. Regula la temperatura, en verano es el tejido fresco por excelencia y es un tejido muy adecuado tambi\u00e9n en invierno gracias a su capacidad de aislamiento t\u00e9rmico. Prueba a combinar tu&nbsp;<strong>sof\u00e1 de lino<\/strong>&nbsp;en invierno con unos cojines de terciopelo y una manta suave.<\/p>\n<!-- \/wp:paragraph -->\n\n<!-- wp:heading -->\n<h2><strong>Sof\u00e1 de lino Kal\u00fa<\/strong><\/h2>\n<!-- \/wp:heading -->\n\n<!-- wp:image {\"id\":952,\"sizeSlug\":\"full\",\"linkDestination\":\"none\"} -->\n<figure class=\"wp-block-image size-full\"><img src=\"https:\/\/www.europolislasrozas.es\/actualidad\/wp-content\/uploads\/2023\/02\/Sofa-de-lino-kalu.jpeg\" alt=\"\" class=\"wp-image-952\"\/><figcaption class=\"wp-element-caption\"><em>Sof\u00e1 Kal\u00fa 300 x 150 cm. PVP: 3.290 \u20ac promoci\u00f3n 2.960 \u20ac<\/em><\/figcaption><\/figure>\n<!-- \/wp:image -->\n\n<!-- wp:paragraph -->\n<p><\/p>\n<!-- \/wp:paragraph -->\n\n<!-- wp:heading -->\n<h2><strong>Sof\u00e1 de lino Mah\u00f3n<\/strong><\/h2>\n<!-- \/wp:heading -->\n\n<!-- wp:image {\"id\":953,\"sizeSlug\":\"full\",\"linkDestination\":\"none\"} -->\n<figure class=\"wp-block-image size-full\"><img src=\"https:\/\/www.europolislasrozas.es\/actualidad\/wp-content\/uploads\/2023\/02\/sofa-de-lino-Mahon.jpeg\" alt=\"\" class=\"wp-image-953\"\/><figcaption class=\"wp-element-caption\"><em>Sof\u00e1 Mah\u00f3n Promoci\u00f3n 310 x 107 cm 1.990 \u20ac<\/em><\/figcaption><\/figure>\n<!-- \/wp:image -->\n\n<!-- wp:paragraph -->\n<p>Los sof\u00e1s de lino desenfundables son muy estilosos y encajan a la perfecci\u00f3n en cualquier ambiente, desde el m\u00e1s natural hasta el m\u00e1s cl\u00e1sico. Una de las caracter\u00edsticas del lino es que tiene tendencia a arrugarse con facilidad, pero es parte de su encanto. En nuestra amplia selecci\u00f3n de fundas de sof\u00e1s de lino encontrar\u00e1s una gran variedad de estilos y composiciones para que escojas la que mejor encaja con tu estilo de vida.<\/p>\n<!-- \/wp:paragraph -->\n\n<!-- wp:heading -->\n<h2><strong>Kalima, un sof\u00e1 de lino blanco c\u00f3modo<\/strong><\/h2>\n<!-- \/wp:heading -->\n\n<!-- wp:image {\"id\":954,\"sizeSlug\":\"full\",\"linkDestination\":\"none\"} -->\n<figure class=\"wp-block-image size-full\"><img src=\"https:\/\/www.europolislasrozas.es\/actualidad\/wp-content\/uploads\/2023\/02\/Sofa-de-lino-comodo.jpeg\" alt=\"\" class=\"wp-image-954\"\/><figcaption class=\"wp-element-caption\"><em>of\u00e1 kalma 300 X 145 CM PVP: 3.410 \u20ac promoci\u00f3n 2.890 \u20ac<\/em><\/figcaption><\/figure>\n<!-- \/wp:image -->\n\n<!-- wp:heading -->\n<h2><strong>Sof\u00e1 de lino de tres plazas<\/strong><\/h2>\n<!-- \/wp:heading -->\n\n<!-- wp:image {\"id\":955,\"sizeSlug\":\"full\",\"linkDestination\":\"none\"} -->\n<figure class=\"wp-block-image size-full\"><img src=\"https:\/\/www.europolislasrozas.es\/actualidad\/wp-content\/uploads\/2023\/02\/Sofa-de-lino-de-tres-plazas.jpeg\" alt=\"\" class=\"wp-image-955\"\/><figcaption class=\"wp-element-caption\"><em>Banksy 250 X 95 CM 1.690 \u20ac Rebajado: 1.490 \u20ac<\/em><\/figcaption><\/figure>\n<!-- \/wp:image -->\n\n<!-- wp:heading -->\n<h2><strong>Sof\u00e1 de lino cl\u00e1sico<\/strong><\/h2>\n<!-- \/wp:heading -->\n\n<!-- wp:image {\"id\":956,\"sizeSlug\":\"full\",\"linkDestination\":\"none\"} -->\n<figure class=\"wp-block-image size-full\"><img src=\"https:\/\/www.europolislasrozas.es\/actualidad\/wp-content\/uploads\/2023\/02\/Sofa-de-lino-clasico.jpeg\" alt=\"\" class=\"wp-image-956\"\/><figcaption class=\"wp-element-caption\"><em>Sof\u00e1 Yakarta 300 x 100 cm pvp: 2.190 \u20ac rebajado: 1.860 \u20ac<\/em><\/figcaption><\/figure>\n<!-- \/wp:image -->\n\n<!-- wp:heading -->\n<h2><strong>Variedad de colores de fundas de lino<\/strong><\/h2>\n<!-- \/wp:heading -->\n\n<!-- wp:paragraph -->\n<p>Aunque tradicionalmente el color del lino lo asociemos a tonos blancos o beige hay una&nbsp;<strong>amplia variedad de tonalidades,<\/strong>&nbsp;los sof\u00e1s de lino de colores grises son muy elegantes a la vez que el lino le da ese toque natural e informal.<\/p>\n<!-- \/wp:paragraph -->\n\n<!-- wp:image {\"id\":957,\"sizeSlug\":\"large\",\"linkDestination\":\"none\"} -->\n<figure class=\"wp-block-image size-large\"><img src=\"https:\/\/www.europolislasrozas.es\/actualidad\/wp-content\/uploads\/2023\/02\/nuevo-1024x768.jpeg\" alt=\"Sof\u00e7as de lino\" class=\"wp-image-957\"\/><figcaption class=\"wp-element-caption\"><em>Sof\u00e1 Ocean Promoci\u00f3n de lanzamiento: 1.890 \u20ac<\/em><\/figcaption><\/figure>\n<!-- \/wp:image -->","_et_gb_content_width":"","footnotes":""},"categories":[4],"tags":[15,26,25,23,24],"class_list":["post-951","post","type-post","status-publish","format-standard","has-post-thumbnail","hentry","category-actualidad","tag-decoracion","tag-hogar","tag-mobiliario","tag-sofas-lino","tag-tendencias-2023"],"yoast_head":"<!-- This site is optimized with the Yoast SEO plugin v27.5 - https:\/\/yoast.com\/product\/yoast-seo-wordpress\/ -->\n<title>SOF\u00c1S DE LINO, TENDENCIAS 2024 - europolislasrozas<\/title>\n<meta name=\"description\" content=\"Sof\u00e1s de lino, sof\u00e1s de lino Mah\u00f3n, sof\u00e1s de lino Kalima, sof\u00e1s de lino cl\u00e1sico, sof\u00e1 de lino de tres plazas. Todo en sof\u00e1s.\" \/>\n<meta name=\"robots\" content=\"index, follow, max-snippet:-1, max-image-preview:large, max-video-preview:-1\" \/>\n<link rel=\"canonical\" href=\"https:\/\/www.europolislasrozas.es\/actualidad\/sofas-de-lino-tendencias-para-2024\/\" \/>\n<meta property=\"og:locale\" content=\"es_ES\" \/>\n<meta property=\"og:type\" content=\"article\" \/>\n<meta property=\"og:title\" content=\"SOF\u00c1S DE LINO, TENDENCIAS 2024 - europolislasrozas\" \/>\n<meta property=\"og:description\" content=\"Sof\u00e1s de lino, sof\u00e1s de lino Mah\u00f3n, sof\u00e1s de lino Kalima, sof\u00e1s de lino cl\u00e1sico, sof\u00e1 de lino de tres plazas. Todo en sof\u00e1s.\" \/>\n<meta property=\"og:url\" content=\"https:\/\/www.europolislasrozas.es\/actualidad\/sofas-de-lino-tendencias-para-2024\/\" \/>\n<meta property=\"og:site_name\" content=\"europolislasrozas\" \/>\n<meta property=\"article:published_time\" content=\"2023-02-13T20:44:59+00:00\" \/>\n<meta property=\"article:modified_time\" content=\"2025-02-13T15:38:07+00:00\" \/>\n<meta property=\"og:image\" content=\"https:\/\/www.europolislasrozas.es\/actualidad\/wp-content\/uploads\/2023\/02\/The-sofa.jpg\" \/>\n\t<meta property=\"og:image:width\" content=\"900\" \/>\n\t<meta property=\"og:image:height\" content=\"1200\" \/>\n\t<meta property=\"og:image:type\" content=\"image\/jpeg\" \/>\n<meta name=\"author\" content=\"Eur\u00f3polis Las Rozas\" \/>\n<meta name=\"twitter:card\" content=\"summary_large_image\" \/>\n<meta name=\"twitter:creator\" content=\"@desarrollo@soluciones.si\" \/>\n<meta name=\"twitter:label1\" content=\"Escrito por\" \/>\n\t<meta name=\"twitter:data1\" content=\"Eur\u00f3polis Las Rozas\" \/>\n\t<meta name=\"twitter:label2\" content=\"Tiempo de lectura\" \/>\n\t<meta name=\"twitter:data2\" content=\"3 minutos\" \/>\n<script type=\"application\/ld+json\" class=\"yoast-schema-graph\">{\"@context\":\"https:\\\/\\\/schema.org\",\"@graph\":[{\"@type\":\"Article\",\"@id\":\"https:\\\/\\\/www.europolislasrozas.es\\\/actualidad\\\/sofas-de-lino-tendencias-para-2024\\\/#article\",\"isPartOf\":{\"@id\":\"https:\\\/\\\/www.europolislasrozas.es\\\/actualidad\\\/sofas-de-lino-tendencias-para-2024\\\/\"},\"author\":{\"name\":\"Eur\u00f3polis Las Rozas\",\"@id\":\"https:\\\/\\\/www.europolislasrozas.es\\\/actualidad\\\/#\\\/schema\\\/person\\\/24b44959f7880275e8672329dd60c4fa\"},\"headline\":\"SOF\u00c1S DE LINO, TENDENCIAS 2024\",\"datePublished\":\"2023-02-13T20:44:59+00:00\",\"dateModified\":\"2025-02-13T15:38:07+00:00\",\"mainEntityOfPage\":{\"@id\":\"https:\\\/\\\/www.europolislasrozas.es\\\/actualidad\\\/sofas-de-lino-tendencias-para-2024\\\/\"},\"wordCount\":416,\"publisher\":{\"@id\":\"https:\\\/\\\/www.europolislasrozas.es\\\/actualidad\\\/#organization\"},\"image\":{\"@id\":\"https:\\\/\\\/www.europolislasrozas.es\\\/actualidad\\\/sofas-de-lino-tendencias-para-2024\\\/#primaryimage\"},\"thumbnailUrl\":\"https:\\\/\\\/www.europolislasrozas.es\\\/actualidad\\\/wp-content\\\/uploads\\\/2023\\\/02\\\/The-sofa.jpg\",\"keywords\":[\"Decoraci\u00f3n\",\"hogar\",\"mobiliario\",\"Sof\u00e1s lino\",\"tendencias 2023\"],\"articleSection\":[\"Actualidad\"],\"inLanguage\":\"es\"},{\"@type\":\"WebPage\",\"@id\":\"https:\\\/\\\/www.europolislasrozas.es\\\/actualidad\\\/sofas-de-lino-tendencias-para-2024\\\/\",\"url\":\"https:\\\/\\\/www.europolislasrozas.es\\\/actualidad\\\/sofas-de-lino-tendencias-para-2024\\\/\",\"name\":\"SOF\u00c1S DE LINO, TENDENCIAS 2024 - europolislasrozas\",\"isPartOf\":{\"@id\":\"https:\\\/\\\/www.europolislasrozas.es\\\/actualidad\\\/#website\"},\"primaryImageOfPage\":{\"@id\":\"https:\\\/\\\/www.europolislasrozas.es\\\/actualidad\\\/sofas-de-lino-tendencias-para-2024\\\/#primaryimage\"},\"image\":{\"@id\":\"https:\\\/\\\/www.europolislasrozas.es\\\/actualidad\\\/sofas-de-lino-tendencias-para-2024\\\/#primaryimage\"},\"thumbnailUrl\":\"https:\\\/\\\/www.europolislasrozas.es\\\/actualidad\\\/wp-content\\\/uploads\\\/2023\\\/02\\\/The-sofa.jpg\",\"datePublished\":\"2023-02-13T20:44:59+00:00\",\"dateModified\":\"2025-02-13T15:38:07+00:00\",\"description\":\"Sof\u00e1s de lino, sof\u00e1s de lino Mah\u00f3n, sof\u00e1s de lino Kalima, sof\u00e1s de lino cl\u00e1sico, sof\u00e1 de lino de tres plazas. Todo en sof\u00e1s.\",\"breadcrumb\":{\"@id\":\"https:\\\/\\\/www.europolislasrozas.es\\\/actualidad\\\/sofas-de-lino-tendencias-para-2024\\\/#breadcrumb\"},\"inLanguage\":\"es\",\"potentialAction\":[{\"@type\":\"ReadAction\",\"target\":[\"https:\\\/\\\/www.europolislasrozas.es\\\/actualidad\\\/sofas-de-lino-tendencias-para-2024\\\/\"]}]},{\"@type\":\"ImageObject\",\"inLanguage\":\"es\",\"@id\":\"https:\\\/\\\/www.europolislasrozas.es\\\/actualidad\\\/sofas-de-lino-tendencias-para-2024\\\/#primaryimage\",\"url\":\"https:\\\/\\\/www.europolislasrozas.es\\\/actualidad\\\/wp-content\\\/uploads\\\/2023\\\/02\\\/The-sofa.jpg\",\"contentUrl\":\"https:\\\/\\\/www.europolislasrozas.es\\\/actualidad\\\/wp-content\\\/uploads\\\/2023\\\/02\\\/The-sofa.jpg\",\"width\":900,\"height\":1200,\"caption\":\"Sof\u00e1s de lino, tendencias para 2023\"},{\"@type\":\"BreadcrumbList\",\"@id\":\"https:\\\/\\\/www.europolislasrozas.es\\\/actualidad\\\/sofas-de-lino-tendencias-para-2024\\\/#breadcrumb\",\"itemListElement\":[{\"@type\":\"ListItem\",\"position\":1,\"name\":\"Portada\",\"item\":\"https:\\\/\\\/www.europolislasrozas.es\\\/actualidad\\\/\"},{\"@type\":\"ListItem\",\"position\":2,\"name\":\"SOF\u00c1S DE LINO, TENDENCIAS 2024\"}]},{\"@type\":\"WebSite\",\"@id\":\"https:\\\/\\\/www.europolislasrozas.es\\\/actualidad\\\/#website\",\"url\":\"https:\\\/\\\/www.europolislasrozas.es\\\/actualidad\\\/\",\"name\":\"europolislasrozas\",\"description\":\"Decoraci\u00f3n Integral Muebles de dise\u00f1o en las Rozas Decoracion de habitaciones infantiles Ba\u00f1os y cocinas de dise\u00f1o en Madrid\",\"publisher\":{\"@id\":\"https:\\\/\\\/www.europolislasrozas.es\\\/actualidad\\\/#organization\"},\"potentialAction\":[{\"@type\":\"SearchAction\",\"target\":{\"@type\":\"EntryPoint\",\"urlTemplate\":\"https:\\\/\\\/www.europolislasrozas.es\\\/actualidad\\\/?s={search_term_string}\"},\"query-input\":{\"@type\":\"PropertyValueSpecification\",\"valueRequired\":true,\"valueName\":\"search_term_string\"}}],\"inLanguage\":\"es\"},{\"@type\":\"Organization\",\"@id\":\"https:\\\/\\\/www.europolislasrozas.es\\\/actualidad\\\/#organization\",\"name\":\"europolislasrozas\",\"url\":\"https:\\\/\\\/www.europolislasrozas.es\\\/actualidad\\\/\",\"logo\":{\"@type\":\"ImageObject\",\"inLanguage\":\"es\",\"@id\":\"https:\\\/\\\/www.europolislasrozas.es\\\/actualidad\\\/#\\\/schema\\\/logo\\\/image\\\/\",\"url\":\"https:\\\/\\\/www.europolislasrozas.es\\\/actualidad\\\/wp-content\\\/uploads\\\/2021\\\/06\\\/logo-europolis-2020-275.jpg\",\"contentUrl\":\"https:\\\/\\\/www.europolislasrozas.es\\\/actualidad\\\/wp-content\\\/uploads\\\/2021\\\/06\\\/logo-europolis-2020-275.jpg\",\"width\":275,\"height\":127,\"caption\":\"europolislasrozas\"},\"image\":{\"@id\":\"https:\\\/\\\/www.europolislasrozas.es\\\/actualidad\\\/#\\\/schema\\\/logo\\\/image\\\/\"}},{\"@type\":\"Person\",\"@id\":\"https:\\\/\\\/www.europolislasrozas.es\\\/actualidad\\\/#\\\/schema\\\/person\\\/24b44959f7880275e8672329dd60c4fa\",\"name\":\"Eur\u00f3polis Las Rozas\",\"image\":{\"@type\":\"ImageObject\",\"inLanguage\":\"es\",\"@id\":\"https:\\\/\\\/secure.gravatar.com\\\/avatar\\\/8ea0d31fedf331eb9cdfdcf5b23cbbaf33b9bdd6d0bc191cca7b9edc27598447?s=96&d=mm&r=g\",\"url\":\"https:\\\/\\\/secure.gravatar.com\\\/avatar\\\/8ea0d31fedf331eb9cdfdcf5b23cbbaf33b9bdd6d0bc191cca7b9edc27598447?s=96&d=mm&r=g\",\"contentUrl\":\"https:\\\/\\\/secure.gravatar.com\\\/avatar\\\/8ea0d31fedf331eb9cdfdcf5b23cbbaf33b9bdd6d0bc191cca7b9edc27598447?s=96&d=mm&r=g\",\"caption\":\"Eur\u00f3polis Las Rozas\"},\"sameAs\":[\"https:\\\/\\\/x.com\\\/desarrollo@soluciones.si\"],\"url\":\"https:\\\/\\\/www.europolislasrozas.es\\\/actualidad\\\/author\\\/andres\\\/\"}]}<\/script>\n<!-- \/ Yoast SEO plugin. -->","yoast_head_json":{"title":"SOF\u00c1S DE LINO, TENDENCIAS 2024 - europolislasrozas","description":"Sof\u00e1s de lino, sof\u00e1s de lino Mah\u00f3n, sof\u00e1s de lino Kalima, sof\u00e1s de lino cl\u00e1sico, sof\u00e1 de lino de tres plazas. Todo en sof\u00e1s.","robots":{"index":"index","follow":"follow","max-snippet":"max-snippet:-1","max-image-preview":"max-image-preview:large","max-video-preview":"max-video-preview:-1"},"canonical":"https:\/\/www.europolislasrozas.es\/actualidad\/sofas-de-lino-tendencias-para-2024\/","og_locale":"es_ES","og_type":"article","og_title":"SOF\u00c1S DE LINO, TENDENCIAS 2024 - europolislasrozas","og_description":"Sof\u00e1s de lino, sof\u00e1s de lino Mah\u00f3n, sof\u00e1s de lino Kalima, sof\u00e1s de lino cl\u00e1sico, sof\u00e1 de lino de tres plazas. Todo en sof\u00e1s.","og_url":"https:\/\/www.europolislasrozas.es\/actualidad\/sofas-de-lino-tendencias-para-2024\/","og_site_name":"europolislasrozas","article_published_time":"2023-02-13T20:44:59+00:00","article_modified_time":"2025-02-13T15:38:07+00:00","og_image":[{"width":900,"height":1200,"url":"https:\/\/www.europolislasrozas.es\/actualidad\/wp-content\/uploads\/2023\/02\/The-sofa.jpg","type":"image\/jpeg"}],"author":"Eur\u00f3polis Las Rozas","twitter_card":"summary_large_image","twitter_creator":"@desarrollo@soluciones.si","twitter_misc":{"Escrito por":"Eur\u00f3polis Las Rozas","Tiempo de lectura":"3 minutos"},"schema":{"@context":"https:\/\/schema.org","@graph":[{"@type":"Article","@id":"https:\/\/www.europolislasrozas.es\/actualidad\/sofas-de-lino-tendencias-para-2024\/#article","isPartOf":{"@id":"https:\/\/www.europolislasrozas.es\/actualidad\/sofas-de-lino-tendencias-para-2024\/"},"author":{"name":"Eur\u00f3polis Las Rozas","@id":"https:\/\/www.europolislasrozas.es\/actualidad\/#\/schema\/person\/24b44959f7880275e8672329dd60c4fa"},"headline":"SOF\u00c1S DE LINO, TENDENCIAS 2024","datePublished":"2023-02-13T20:44:59+00:00","dateModified":"2025-02-13T15:38:07+00:00","mainEntityOfPage":{"@id":"https:\/\/www.europolislasrozas.es\/actualidad\/sofas-de-lino-tendencias-para-2024\/"},"wordCount":416,"publisher":{"@id":"https:\/\/www.europolislasrozas.es\/actualidad\/#organization"},"image":{"@id":"https:\/\/www.europolislasrozas.es\/actualidad\/sofas-de-lino-tendencias-para-2024\/#primaryimage"},"thumbnailUrl":"https:\/\/www.europolislasrozas.es\/actualidad\/wp-content\/uploads\/2023\/02\/The-sofa.jpg","keywords":["Decoraci\u00f3n","hogar","mobiliario","Sof\u00e1s lino","tendencias 2023"],"articleSection":["Actualidad"],"inLanguage":"es"},{"@type":"WebPage","@id":"https:\/\/www.europolislasrozas.es\/actualidad\/sofas-de-lino-tendencias-para-2024\/","url":"https:\/\/www.europolislasrozas.es\/actualidad\/sofas-de-lino-tendencias-para-2024\/","name":"SOF\u00c1S DE LINO, TENDENCIAS 2024 - europolislasrozas","isPartOf":{"@id":"https:\/\/www.europolislasrozas.es\/actualidad\/#website"},"primaryImageOfPage":{"@id":"https:\/\/www.europolislasrozas.es\/actualidad\/sofas-de-lino-tendencias-para-2024\/#primaryimage"},"image":{"@id":"https:\/\/www.europolislasrozas.es\/actualidad\/sofas-de-lino-tendencias-para-2024\/#primaryimage"},"thumbnailUrl":"https:\/\/www.europolislasrozas.es\/actualidad\/wp-content\/uploads\/2023\/02\/The-sofa.jpg","datePublished":"2023-02-13T20:44:59+00:00","dateModified":"2025-02-13T15:38:07+00:00","description":"Sof\u00e1s de lino, sof\u00e1s de lino Mah\u00f3n, sof\u00e1s de lino Kalima, sof\u00e1s de lino cl\u00e1sico, sof\u00e1 de lino de tres plazas. Todo en sof\u00e1s.","breadcrumb":{"@id":"https:\/\/www.europolislasrozas.es\/actualidad\/sofas-de-lino-tendencias-para-2024\/#breadcrumb"},"inLanguage":"es","potentialAction":[{"@type":"ReadAction","target":["https:\/\/www.europolislasrozas.es\/actualidad\/sofas-de-lino-tendencias-para-2024\/"]}]},{"@type":"ImageObject","inLanguage":"es","@id":"https:\/\/www.europolislasrozas.es\/actualidad\/sofas-de-lino-tendencias-para-2024\/#primaryimage","url":"https:\/\/www.europolislasrozas.es\/actualidad\/wp-content\/uploads\/2023\/02\/The-sofa.jpg","contentUrl":"https:\/\/www.europolislasrozas.es\/actualidad\/wp-content\/uploads\/2023\/02\/The-sofa.jpg","width":900,"height":1200,"caption":"Sof\u00e1s de lino, tendencias para 2023"},{"@type":"BreadcrumbList","@id":"https:\/\/www.europolislasrozas.es\/actualidad\/sofas-de-lino-tendencias-para-2024\/#breadcrumb","itemListElement":[{"@type":"ListItem","position":1,"name":"Portada","item":"https:\/\/www.europolislasrozas.es\/actualidad\/"},{"@type":"ListItem","position":2,"name":"SOF\u00c1S DE LINO, TENDENCIAS 2024"}]},{"@type":"WebSite","@id":"https:\/\/www.europolislasrozas.es\/actualidad\/#website","url":"https:\/\/www.europolislasrozas.es\/actualidad\/","name":"europolislasrozas","description":"Decoraci\u00f3n Integral Muebles de dise\u00f1o en las Rozas Decoracion de habitaciones infantiles Ba\u00f1os y cocinas de dise\u00f1o en Madrid","publisher":{"@id":"https:\/\/www.europolislasrozas.es\/actualidad\/#organization"},"potentialAction":[{"@type":"SearchAction","target":{"@type":"EntryPoint","urlTemplate":"https:\/\/www.europolislasrozas.es\/actualidad\/?s={search_term_string}"},"query-input":{"@type":"PropertyValueSpecification","valueRequired":true,"valueName":"search_term_string"}}],"inLanguage":"es"},{"@type":"Organization","@id":"https:\/\/www.europolislasrozas.es\/actualidad\/#organization","name":"europolislasrozas","url":"https:\/\/www.europolislasrozas.es\/actualidad\/","logo":{"@type":"ImageObject","inLanguage":"es","@id":"https:\/\/www.europolislasrozas.es\/actualidad\/#\/schema\/logo\/image\/","url":"https:\/\/www.europolislasrozas.es\/actualidad\/wp-content\/uploads\/2021\/06\/logo-europolis-2020-275.jpg","contentUrl":"https:\/\/www.europolislasrozas.es\/actualidad\/wp-content\/uploads\/2021\/06\/logo-europolis-2020-275.jpg","width":275,"height":127,"caption":"europolislasrozas"},"image":{"@id":"https:\/\/www.europolislasrozas.es\/actualidad\/#\/schema\/logo\/image\/"}},{"@type":"Person","@id":"https:\/\/www.europolislasrozas.es\/actualidad\/#\/schema\/person\/24b44959f7880275e8672329dd60c4fa","name":"Eur\u00f3polis Las Rozas","image":{"@type":"ImageObject","inLanguage":"es","@id":"https:\/\/secure.gravatar.com\/avatar\/8ea0d31fedf331eb9cdfdcf5b23cbbaf33b9bdd6d0bc191cca7b9edc27598447?s=96&d=mm&r=g","url":"https:\/\/secure.gravatar.com\/avatar\/8ea0d31fedf331eb9cdfdcf5b23cbbaf33b9bdd6d0bc191cca7b9edc27598447?s=96&d=mm&r=g","contentUrl":"https:\/\/secure.gravatar.com\/avatar\/8ea0d31fedf331eb9cdfdcf5b23cbbaf33b9bdd6d0bc191cca7b9edc27598447?s=96&d=mm&r=g","caption":"Eur\u00f3polis Las Rozas"},"sameAs":["https:\/\/x.com\/desarrollo@soluciones.si"],"url":"https:\/\/www.europolislasrozas.es\/actualidad\/author\/andres\/"}]}},"_links":{"self":[{"href":"https:\/\/www.europolislasrozas.es\/actualidad\/wp-json\/wp\/v2\/posts\/951","targetHints":{"allow":["GET"]}}],"collection":[{"href":"https:\/\/www.europolislasrozas.es\/actualidad\/wp-json\/wp\/v2\/posts"}],"about":[{"href":"https:\/\/www.europolislasrozas.es\/actualidad\/wp-json\/wp\/v2\/types\/post"}],"author":[{"embeddable":true,"href":"https:\/\/www.europolislasrozas.es\/actualidad\/wp-json\/wp\/v2\/users\/3"}],"replies":[{"embeddable":true,"href":"https:\/\/www.europolislasrozas.es\/actualidad\/wp-json\/wp\/v2\/comments?post=951"}],"version-history":[{"count":9,"href":"https:\/\/www.europolislasrozas.es\/actualidad\/wp-json\/wp\/v2\/posts\/951\/revisions"}],"predecessor-version":[{"id":1292,"href":"https:\/\/www.europolislasrozas.es\/actualidad\/wp-json\/wp\/v2\/posts\/951\/revisions\/1292"}],"wp:featuredmedia":[{"embeddable":true,"href":"https:\/\/www.europolislasrozas.es\/actualidad\/wp-json\/wp\/v2\/media\/966"}],"wp:attachment":[{"href":"https:\/\/www.europolislasrozas.es\/actualidad\/wp-json\/wp\/v2\/media?parent=951"}],"wp:term":[{"taxonomy":"category","embeddable":true,"href":"https:\/\/www.europolislasrozas.es\/actualidad\/wp-json\/wp\/v2\/categories?post=951"},{"taxonomy":"post_tag","embeddable":true,"href":"https:\/\/www.europolislasrozas.es\/actualidad\/wp-json\/wp\/v2\/tags?post=951"}],"curies":[{"name":"wp","href":"https:\/\/api.w.org\/{rel}","templated":true}]}}